{"id":3970,"date":"2022-09-06T18:32:14","date_gmt":"2022-09-06T16:32:14","guid":{"rendered":"https:\/\/www.voyage-langue.com\/blog\/?p=3970"},"modified":"2022-09-08T14:33:16","modified_gmt":"2022-09-08T12:33:16","slug":"pourquoi-faire-un-sejour-linguistique-au-costa-rica","status":"publish","type":"post","link":"https:\/\/www.voyage-langue.com\/blog\/autres-destinations\/pourquoi-faire-un-sejour-linguistique-au-costa-rica\/","title":{"rendered":"Pourquoi partir en s\u00e9jour linguistique au Costa Rica ?"},"content":{"rendered":"\n<p>Costa Rica, cette r\u00e9publique d\u2019Am\u00e9rique centrale dont la langue officielle est l\u2019espagnol,&nbsp;se distingue de ses voisins. C\u2019est d\u2019ailleurs depuis 2009 que le Costa Rica est \u00e0 la t\u00eate du&nbsp;<em><a href=\"https:\/\/artisansdelatransition.org\/larevuedurable\/article\/265\">Happy Planet Index<\/a><\/em>&nbsp;par sa capacit\u00e9 \u00e0 offrir des conditions de vie agr\u00e9ables \u00e0 ses citoyens. Rien que \u00e7a&nbsp;! D\u00e9couvrez ce pays qui regorge de ressources naturelles et culturelles en partant en s\u00e9jour linguistique au Costa Rica. <\/p>\n\n\n\n<h2 id=\"un-depaysement-total\" class=\"wp-block-heading\">Un d\u00e9paysement total<\/h2>\n\n\n\n<p>Le Costa Rica est la destination parfaite si vous souhaitez partager et \u00e9changer un tas de nouvelles choses. Ce pays vous offre une immersion totale au c\u0153ur d\u2019une nature abondante o\u00f9 la faune et la flore r\u00e8gnent. Saviez-vous que 6% de la biodiversit\u00e9 mondiale se trouve au Costa Rica\u00a0? Ce chiffre peut vous para\u00eetre faible, cependant ce pays ne repr\u00e9sente que 0,03% de la surface terrestre. Cela fait de lui une sorte d\u2019immense <strong>parc naturel prot\u00e9g\u00e9<\/strong>. Avec plus de 10\u00a0000 plantes et arbres et pr\u00e8s de 1\u00a0300 esp\u00e8ces de mammif\u00e8res, oiseaux et reptiles vous aurez l\u2019occasion de vous en mettre plein la vue\u00a0! <\/p>\n\n\n\n<p>Le Costa Rica est aussi synonyme de plages paradisiaques de sable blanc \u00e0 l\u2019\u00e9cart de toute activit\u00e9 humaine. La\u00a0<em>Playa Uvita<\/em> situ\u00e9e dans un des nombreux parcs naturels du pays promet de vous offrir un <strong>paysage digne d\u2019un paradis<\/strong>. Vous pouvez m\u00eame esp\u00e9rer apercevoir la queue d\u2019une baleine sortir de l&#8217;eau. Et cette plage est loin d\u2019\u00eatre la seule qui vous fera rester vous baigner dans les eaux turquoise.\u00a0<\/p>\n\n\n\n<p>En d\u2019autres mots, voyager au Costa Rica c\u2019est <strong>voyager dans le respect de son environnement<\/strong>. Les amoureux de la nature n\u2019en seront que ravis\u00a0!<\/p>\n\n\n\n<figure class=\"wp-block-gallery has-nested-images columns-default is-cropped wp-block-gallery-1 is-layout-flex wp-block-gallery-is-layout-flex\">\n<figure class=\"wp-block-image size-large\"><img loading=\"lazy\" decoding=\"async\" width=\"620\" height=\"414\" data-id=\"3973\" src=\"https:\/\/www.voyage-langue.com\/blog\/wp-content\/uploads\/2022\/09\/photo1.png\" alt=\"Costa Rica nature\" class=\"wp-image-3973\" srcset=\"https:\/\/www.voyage-langue.com\/blog\/wp-content\/uploads\/2022\/09\/photo1.png 620w, https:\/\/www.voyage-langue.com\/blog\/wp-content\/uploads\/2022\/09\/photo1-300x200.png 300w, https:\/\/www.voyage-langue.com\/blog\/wp-content\/uploads\/2022\/09\/photo1-380x254.png 380w\" sizes=\"(max-width: 620px) 100vw, 620px\" \/><\/figure>\n\n\n\n<figure class=\"wp-block-image size-large\"><img loading=\"lazy\" decoding=\"async\" width=\"281\" height=\"447\" data-id=\"3974\" src=\"https:\/\/www.voyage-langue.com\/blog\/wp-content\/uploads\/2022\/09\/photo2.png\" alt=\"Costa Rica plage\" class=\"wp-image-3974\" srcset=\"https:\/\/www.voyage-langue.com\/blog\/wp-content\/uploads\/2022\/09\/photo2.png 281w, https:\/\/www.voyage-langue.com\/blog\/wp-content\/uploads\/2022\/09\/photo2-189x300.png 189w\" sizes=\"(max-width: 281px) 100vw, 281px\" \/><\/figure>\n<\/figure>\n\n\n\n<h2 id=\"apprendre-lespagnol-dans-un-environnement-multiculturel\" class=\"wp-block-heading\">Apprendre l&#8217;espagnol dans un environnement multiculturel<\/h2>\n\n\n\n<p>Et parce que voyager n\u2019est pas seulement synonyme de paysages, le Costa Rica vous donnera de multiples occasions de faire connaissance avec ses habitants accueillants, surnomm\u00e9s \u00ab\u00a0<a href=\"https:\/\/www.costarica-voyages.com\/les-ticos-et-la-pura-vida\">Ticos<\/a>\u00a0\u00bb. Ce pays constitu\u00e9 \u00e0 pr\u00e8s de 80% de descendance Europ\u00e9enne, est un <strong>gigantesque mix culturel<\/strong>. Cette destination devient de plus en plus en vogue du fait notamment de son aspect cosmopolite.\u00a0<\/p>\n\n\n\n<p>Vous \u00eates un fan d\u2019art\u00a0? Attendez de voir la mani\u00e8re dont ce m\u00e9lange d\u2019ethnies se refl\u00e8te \u00e0 travers les traditions artistiques. C&#8217;est la tradition du Boyeo et les charrettes qui a par ailleurs \u00e9t\u00e9\u00a0<strong>reconnue par l\u2019UNESCO<\/strong>. Du street art \u00e0 la peinture, en passant par la sculpture vous ne serez qu&#8217;\u00e9tonn\u00e9 par la diversit\u00e9 culturelle de ce pays. Si vous aimez la musique, laissez-vous border par les divers styles. Vous serez surpris par la musique folk \u00e0 \u00e9couter dans les petits villages, le tout accompagn\u00e9 de danses traditionnelles. Si vous n\u2019\u00eates pas un fan d\u2019art ni de musique, ne vous en faites pas il y en a pour tous les go\u00fbts. Le sport, la cuisine ou encore les traditions sont de la partie et vous feront vibrer.<\/p>\n\n\n\n<p>Quant aux langues parl\u00e9es, \u00e9tant anciennement une colonie espagnole la langue officielle du Costa Rica reste l\u2019espagnol. Pas de panique, c\u2019est l\u2019occasion pour vous de perfectionner cette magnifique langue, officielle dans plus de 20 \u00e9tats souverains.&nbsp;<\/p>\n\n\n\n<figure class=\"wp-block-gallery has-nested-images columns-default is-cropped wp-block-gallery-2 is-layout-flex wp-block-gallery-is-layout-flex\">\n<figure class=\"wp-block-image size-large\"><img loading=\"lazy\" decoding=\"async\" width=\"431\" height=\"537\" data-id=\"3975\" src=\"https:\/\/www.voyage-langue.com\/blog\/wp-content\/uploads\/2022\/09\/photo3.png\" alt=\"Costa Rica culture\" class=\"wp-image-3975\" srcset=\"https:\/\/www.voyage-langue.com\/blog\/wp-content\/uploads\/2022\/09\/photo3.png 431w, https:\/\/www.voyage-langue.com\/blog\/wp-content\/uploads\/2022\/09\/photo3-241x300.png 241w, https:\/\/www.voyage-langue.com\/blog\/wp-content\/uploads\/2022\/09\/photo3-380x473.png 380w\" sizes=\"(max-width: 431px) 100vw, 431px\" \/><\/figure>\n\n\n\n<figure class=\"wp-block-image size-large\"><img loading=\"lazy\" decoding=\"async\" width=\"639\" height=\"481\" data-id=\"3976\" src=\"https:\/\/www.voyage-langue.com\/blog\/wp-content\/uploads\/2022\/09\/photo4.png\" alt=\"habitants Costa Rica\" class=\"wp-image-3976\" srcset=\"https:\/\/www.voyage-langue.com\/blog\/wp-content\/uploads\/2022\/09\/photo4.png 639w, https:\/\/www.voyage-langue.com\/blog\/wp-content\/uploads\/2022\/09\/photo4-300x225.png 300w, https:\/\/www.voyage-langue.com\/blog\/wp-content\/uploads\/2022\/09\/photo4-200x150.png 200w, https:\/\/www.voyage-langue.com\/blog\/wp-content\/uploads\/2022\/09\/photo4-380x286.png 380w\" sizes=\"(max-width: 639px) 100vw, 639px\" \/><\/figure>\n<\/figure>\n\n\n\n<h2 id=\"allez-lutile-a-lagreable-et-lancez-vous-dans-le-volontariat\" class=\"wp-block-heading\">Allez l&#8217;utile \u00e0 l&#8217;agr\u00e9able et lancez-vous dans le volontariat !<\/h2>\n\n\n\n<p>Quoi de mieux que d\u2019apprendre une nouvelle langue et d\u00e9couvrir un nouveau pays tout en y laissant un <strong>impact positif<\/strong> ? Voyage-Langue vous en donne l\u2019opportunit\u00e9 en partant avec Maximo Nivel \u00e0 San Jos\u00e9 ou \u00e0 Manuel Antonio. Comme vous l\u2019aurez compris, le Costa Rica est un pays riche en ressources, soucieux de son environnement et souhaite le rester.\u00a0<\/p>\n\n\n\n<p>Nos s\u00e9jours linguistiques au Costa Rica combinent \u00e0 la fois cours d\u2019espagnol et si vous le souhaitez des <strong>exp\u00e9riences volontaires<\/strong> au sein de missions sociales ou environnementales. Vous ressortirez de ce s\u00e9jour linguistique grandi ! Nous vous proposons une vaste \u00e9tendue de projets tels que du volontariat m\u00e9dical, animal (pour les tortues par exemple), pour les enfants et bien plus encore.\u00a0<\/p>\n\n\n\n<figure class=\"wp-block-gallery has-nested-images columns-default is-cropped wp-block-gallery-3 is-layout-flex wp-block-gallery-is-layout-flex\">\n<figure class=\"wp-block-image size-large\"><img loading=\"lazy\" decoding=\"async\" width=\"512\" height=\"383\" data-id=\"3979\" src=\"https:\/\/www.voyage-langue.com\/blog\/wp-content\/uploads\/2022\/09\/photo5-1.png\" alt=\"volontariat de tortues\" class=\"wp-image-3979\" srcset=\"https:\/\/www.voyage-langue.com\/blog\/wp-content\/uploads\/2022\/09\/photo5-1.png 512w, https:\/\/www.voyage-langue.com\/blog\/wp-content\/uploads\/2022\/09\/photo5-1-300x225.png 300w, https:\/\/www.voyage-langue.com\/blog\/wp-content\/uploads\/2022\/09\/photo5-1-200x150.png 200w, https:\/\/www.voyage-langue.com\/blog\/wp-content\/uploads\/2022\/09\/photo5-1-380x284.png 380w\" sizes=\"(max-width: 512px) 100vw, 512px\" \/><\/figure>\n\n\n\n<figure class=\"wp-block-image size-large\"><img loading=\"lazy\" decoding=\"async\" width=\"575\" height=\"383\" data-id=\"3980\" src=\"https:\/\/www.voyage-langue.com\/blog\/wp-content\/uploads\/2022\/09\/photo6-1.png\" alt=\"volontariat pour enfants\" class=\"wp-image-3980\" srcset=\"https:\/\/www.voyage-langue.com\/blog\/wp-content\/uploads\/2022\/09\/photo6-1.png 575w, https:\/\/www.voyage-langue.com\/blog\/wp-content\/uploads\/2022\/09\/photo6-1-300x200.png 300w, https:\/\/www.voyage-langue.com\/blog\/wp-content\/uploads\/2022\/09\/photo6-1-380x253.png 380w\" sizes=\"(max-width: 575px) 100vw, 575px\" \/><\/figure>\n<\/figure>\n\n\n\n<p>N\u2019attendez plus et foncez&nbsp;! Partez&nbsp;en <em><a href=\"https:\/\/www.voyage-langue.com\/sejours-linguistiques\/costa-rica?price=1790-8420&amp;courses=30&amp;page=2\">s\u00e9jour linguistique et volontariat au Costa Ric<\/a><\/em><a href=\"https:\/\/www.voyage-langue.com\/sejours-linguistiques\/costa-rica?price=1790-8420&amp;courses=30&amp;page=2\"><em>a<\/em><\/a><em>&nbsp;<\/em>et profitez d\u2019une exp\u00e9rience unique en son genre.<\/p>\n","protected":false},"excerpt":{"rendered":"Costa Rica, cette r\u00e9publique d\u2019Am\u00e9rique centrale dont la langue officielle est l\u2019espagnol,&nbsp;se distingue de ses voisins. C\u2019est d\u2019ailleurs&hellip;\n","protected":false},"author":8,"featured_media":3983,"comment_status":"open","ping_status":"open","sticky":false,"template":"","format":"standard","meta":{"_mi_skip_tracking":false,"footnotes":""},"categories":[25],"tags":[],"yoast_head":"<!-- This site is optimized with the Yoast SEO plugin v22.3 - https:\/\/yoast.com\/wordpress\/plugins\/seo\/ -->\n<title>Pourquoi partir en s\u00e9jour linguistique au Costa Rica ?<\/title>\n<meta name=\"description\" content=\"D\u00e9couvrez pourquoi apprendre l&#039;espagnol et faire du volontariat au cours d&#039;un s\u00e9jour linguistique au Costa Rica est palpitant.\" \/>\n<meta name=\"robots\" content=\"index, follow, max-snippet:-1, max-image-preview:large, max-video-preview:-1\" \/>\n<link rel=\"canonical\" href=\"https:\/\/www.voyage-langue.com\/blog\/autres-destinations\/pourquoi-faire-un-sejour-linguistique-au-costa-rica\/\" \/>\n<meta property=\"og:locale\" content=\"fr_FR\" \/>\n<meta property=\"og:type\" content=\"article\" \/>\n<meta property=\"og:title\" content=\"Pourquoi partir en s\u00e9jour linguistique au Costa Rica ?\" \/>\n<meta property=\"og:description\" content=\"D\u00e9couvrez pourquoi apprendre l&#039;espagnol et faire du volontariat au cours d&#039;un s\u00e9jour linguistique au Costa Rica est palpitant.\" \/>\n<meta property=\"og:url\" content=\"https:\/\/www.voyage-langue.com\/blog\/autres-destinations\/pourquoi-faire-un-sejour-linguistique-au-costa-rica\/\" \/>\n<meta property=\"og:site_name\" content=\"Voyage-Langue\" \/>\n<meta property=\"article:publisher\" content=\"https:\/\/www.facebook.com\/voyage.langue\" \/>\n<meta property=\"article:published_time\" content=\"2022-09-06T16:32:14+00:00\" \/>\n<meta property=\"article:modified_time\" content=\"2022-09-08T12:33:16+00:00\" \/>\n<meta property=\"og:image\" content=\"https:\/\/www.voyage-langue.com\/blog\/wp-content\/uploads\/2022\/09\/atanas-malamov-xGhaXZtQb1s-unsplash-scaled.jpg\" \/>\n\t<meta property=\"og:image:width\" content=\"2560\" \/>\n\t<meta property=\"og:image:height\" content=\"1919\" \/>\n\t<meta property=\"og:image:type\" content=\"image\/jpeg\" \/>\n<meta name=\"author\" content=\"Lou\" \/>\n<meta name=\"twitter:card\" content=\"summary_large_image\" \/>\n<meta name=\"twitter:creator\" content=\"@VoyageLangue\" \/>\n<meta name=\"twitter:site\" content=\"@VoyageLangue\" \/>\n<meta name=\"twitter:label1\" content=\"\u00c9crit par\" \/>\n\t<meta name=\"twitter:data1\" content=\"Lou\" \/>\n\t<meta name=\"twitter:label2\" content=\"Dur\u00e9e de lecture estim\u00e9e\" \/>\n\t<meta name=\"twitter:data2\" content=\"5 minutes\" \/>\n<!-- \/ Yoast SEO plugin. -->","yoast_head_json":{"title":"Pourquoi partir en s\u00e9jour linguistique au Costa Rica ?","description":"D\u00e9couvrez pourquoi apprendre l'espagnol et faire du volontariat au cours d'un s\u00e9jour linguistique au Costa Rica est palpitant.","robots":{"index":"index","follow":"follow","max-snippet":"max-snippet:-1","max-image-preview":"max-image-preview:large","max-video-preview":"max-video-preview:-1"},"canonical":"https:\/\/www.voyage-langue.com\/blog\/autres-destinations\/pourquoi-faire-un-sejour-linguistique-au-costa-rica\/","og_locale":"fr_FR","og_type":"article","og_title":"Pourquoi partir en s\u00e9jour linguistique au Costa Rica ?","og_description":"D\u00e9couvrez pourquoi apprendre l'espagnol et faire du volontariat au cours d'un s\u00e9jour linguistique au Costa Rica est palpitant.","og_url":"https:\/\/www.voyage-langue.com\/blog\/autres-destinations\/pourquoi-faire-un-sejour-linguistique-au-costa-rica\/","og_site_name":"Voyage-Langue","article_publisher":"https:\/\/www.facebook.com\/voyage.langue","article_published_time":"2022-09-06T16:32:14+00:00","article_modified_time":"2022-09-08T12:33:16+00:00","og_image":[{"width":2560,"height":1919,"url":"https:\/\/www.voyage-langue.com\/blog\/wp-content\/uploads\/2022\/09\/atanas-malamov-xGhaXZtQb1s-unsplash-scaled.jpg","type":"image\/jpeg"}],"author":"Lou","twitter_card":"summary_large_image","twitter_creator":"@VoyageLangue","twitter_site":"@VoyageLangue","twitter_misc":{"\u00c9crit par":"Lou","Dur\u00e9e de lecture estim\u00e9e":"5 minutes"},"schema":{"@context":"https:\/\/schema.org","@graph":[{"@type":"WebPage","@id":"https:\/\/www.voyage-langue.com\/blog\/autres-destinations\/pourquoi-faire-un-sejour-linguistique-au-costa-rica\/","url":"https:\/\/www.voyage-langue.com\/blog\/autres-destinations\/pourquoi-faire-un-sejour-linguistique-au-costa-rica\/","name":"Pourquoi partir en s\u00e9jour linguistique au Costa Rica ?","isPartOf":{"@id":"https:\/\/www.voyage-langue.com\/blog\/#website"},"primaryImageOfPage":{"@id":"https:\/\/www.voyage-langue.com\/blog\/autres-destinations\/pourquoi-faire-un-sejour-linguistique-au-costa-rica\/#primaryimage"},"image":{"@id":"https:\/\/www.voyage-langue.com\/blog\/autres-destinations\/pourquoi-faire-un-sejour-linguistique-au-costa-rica\/#primaryimage"},"thumbnailUrl":"https:\/\/www.voyage-langue.com\/blog\/wp-content\/uploads\/2022\/09\/atanas-malamov-xGhaXZtQb1s-unsplash-scaled.jpg","datePublished":"2022-09-06T16:32:14+00:00","dateModified":"2022-09-08T12:33:16+00:00","author":{"@id":"https:\/\/www.voyage-langue.com\/blog\/#\/schema\/person\/256981df0b335a312e5841aba497d1a9"},"description":"D\u00e9couvrez pourquoi apprendre l'espagnol et faire du volontariat au cours d'un s\u00e9jour linguistique au Costa Rica est palpitant.","breadcrumb":{"@id":"https:\/\/www.voyage-langue.com\/blog\/autres-destinations\/pourquoi-faire-un-sejour-linguistique-au-costa-rica\/#breadcrumb"},"inLanguage":"fr-FR","potentialAction":[{"@type":"ReadAction","target":["https:\/\/www.voyage-langue.com\/blog\/autres-destinations\/pourquoi-faire-un-sejour-linguistique-au-costa-rica\/"]}]},{"@type":"ImageObject","inLanguage":"fr-FR","@id":"https:\/\/www.voyage-langue.com\/blog\/autres-destinations\/pourquoi-faire-un-sejour-linguistique-au-costa-rica\/#primaryimage","url":"https:\/\/www.voyage-langue.com\/blog\/wp-content\/uploads\/2022\/09\/atanas-malamov-xGhaXZtQb1s-unsplash-scaled.jpg","contentUrl":"https:\/\/www.voyage-langue.com\/blog\/wp-content\/uploads\/2022\/09\/atanas-malamov-xGhaXZtQb1s-unsplash-scaled.jpg","width":2560,"height":1919,"caption":"plage au Costa Rica"},{"@type":"BreadcrumbList","@id":"https:\/\/www.voyage-langue.com\/blog\/autres-destinations\/pourquoi-faire-un-sejour-linguistique-au-costa-rica\/#breadcrumb","itemListElement":[{"@type":"ListItem","position":1,"name":"Accueil","item":"https:\/\/www.voyage-langue.com\/blog\/"},{"@type":"ListItem","position":2,"name":"Pourquoi partir en s\u00e9jour linguistique au Costa Rica ?"}]},{"@type":"WebSite","@id":"https:\/\/www.voyage-langue.com\/blog\/#website","url":"https:\/\/www.voyage-langue.com\/blog\/","name":"Voyage-Langue","description":"Le site des s\u00e9jours linguistiques - Le blog","potentialAction":[{"@type":"SearchAction","target":{"@type":"EntryPoint","urlTemplate":"https:\/\/www.voyage-langue.com\/blog\/?s={search_term_string}"},"query-input":"required name=search_term_string"}],"inLanguage":"fr-FR"},{"@type":"Person","@id":"https:\/\/www.voyage-langue.com\/blog\/#\/schema\/person\/256981df0b335a312e5841aba497d1a9","name":"Lou","image":{"@type":"ImageObject","inLanguage":"fr-FR","@id":"https:\/\/www.voyage-langue.com\/blog\/#\/schema\/person\/image\/","url":"https:\/\/secure.gravatar.com\/avatar\/7782e3cc4828e699445fa6fab5e53983?s=96&d=mm&r=g","contentUrl":"https:\/\/secure.gravatar.com\/avatar\/7782e3cc4828e699445fa6fab5e53983?s=96&d=mm&r=g","caption":"Lou"},"url":"https:\/\/www.voyage-langue.com\/blog\/author\/lou\/"}]}},"amp_enabled":true,"_links":{"self":[{"href":"https:\/\/www.voyage-langue.com\/blog\/wp-json\/wp\/v2\/posts\/3970"}],"collection":[{"href":"https:\/\/www.voyage-langue.com\/blog\/wp-json\/wp\/v2\/posts"}],"about":[{"href":"https:\/\/www.voyage-langue.com\/blog\/wp-json\/wp\/v2\/types\/post"}],"author":[{"embeddable":true,"href":"https:\/\/www.voyage-langue.com\/blog\/wp-json\/wp\/v2\/users\/8"}],"replies":[{"embeddable":true,"href":"https:\/\/www.voyage-langue.com\/blog\/wp-json\/wp\/v2\/comments?post=3970"}],"version-history":[{"count":4,"href":"https:\/\/www.voyage-langue.com\/blog\/wp-json\/wp\/v2\/posts\/3970\/revisions"}],"predecessor-version":[{"id":3990,"href":"https:\/\/www.voyage-langue.com\/blog\/wp-json\/wp\/v2\/posts\/3970\/revisions\/3990"}],"wp:featuredmedia":[{"embeddable":true,"href":"https:\/\/www.voyage-langue.com\/blog\/wp-json\/wp\/v2\/media\/3983"}],"wp:attachment":[{"href":"https:\/\/www.voyage-langue.com\/blog\/wp-json\/wp\/v2\/media?parent=3970"}],"wp:term":[{"taxonomy":"category","embeddable":true,"href":"https:\/\/www.voyage-langue.com\/blog\/wp-json\/wp\/v2\/categories?post=3970"},{"taxonomy":"post_tag","embeddable":true,"href":"https:\/\/www.voyage-langue.com\/blog\/wp-json\/wp\/v2\/tags?post=3970"}],"curies":[{"name":"wp","href":"https:\/\/api.w.org\/{rel}","templated":true}]}}