{"id":4448,"date":"2024-04-30T12:13:55","date_gmt":"2024-04-30T10:13:55","guid":{"rendered":"https:\/\/www.voyage-langue.com\/blog\/?p=4448"},"modified":"2024-04-30T14:59:03","modified_gmt":"2024-04-30T12:59:03","slug":"stage-obligatoire-de-seconde-le-transformer-en-sejour-linguistique","status":"publish","type":"post","link":"https:\/\/www.voyage-langue.com\/blog\/autres-destinations\/stage-obligatoire-de-seconde-le-transformer-en-sejour-linguistique\/","title":{"rendered":"Stage obligatoire de seconde : le transformer en s\u00e9jour linguistique"},"content":{"rendered":"\n<p>Le<a href=\"https:\/\/www.education.gouv.fr\/reussir-au-lycee\/un-stage-en-juin-pour-les-eleves-de-seconde-generale-et-technologique-380196\"> stage de seconde<\/a> repr\u00e9sente une \u00e9tape cruciale dans le parcours \u00e9ducatif des lyc\u00e9ens fran\u00e7ais. Traditionnellement r\u00e9alis\u00e9 dans un cadre professionnel, il peut \u00eatre repens\u00e9 pour offrir une exp\u00e9rience encore plus b\u00e9n\u00e9fique : le s\u00e9jour linguistique. Cette alternative pr\u00e9sente de nombreux avantages tant sur le plan acad\u00e9mique que personnel. Elle donne aux \u00e9l\u00e8ves l&#8217;opportunit\u00e9 de d\u00e9velopper leurs comp\u00e9tences linguistiques et leur ouverture d&#8217;esprit.<\/p>\n\n\n\n<h5 id=\"elargissement-des-horizons-culturels\" class=\"wp-block-heading\"><strong>\u00c9largissement des horizons culturels<\/strong> :<\/h5>\n\n\n\n<p>Opter pour un s\u00e9jour linguistique permet aux \u00e9l\u00e8ves de d\u00e9couvrir une nouvelle culture de mani\u00e8re immersive. En s&#8217;immergeant dans un pays \u00e9tranger, ils ont l&#8217;occasion d&#8217;explorer ses coutumes, sa gastronomie et son mode de vie, ce qui contribue \u00e0 \u00e9largir leurs horizons et \u00e0 d\u00e9velopper leur sens de l&#8217;ouverture d&#8217;esprit. Cette immersion culturelle favorise \u00e9galement une meilleure compr\u00e9hension des enjeux internationaux, essentielle dans un monde de plus en plus interconnect\u00e9.<\/p>\n\n\n\n<h5 id=\"renforcement-des-competences-linguistiques\" class=\"wp-block-heading\"><strong>Renforcement des comp\u00e9tences linguistiques<\/strong> :<\/h5>\n\n\n\n<p>Une immersion totale dans un pays \u00e9tranger est la cl\u00e9 pour progresser rapidement dans l&#8217;apprentissage d&#8217;une langue. Pendant un s\u00e9jour linguistique, l&#8217;exposition constante \u00e0 la langue cible incite les \u00e9l\u00e8ves \u00e0 communiquer naturellement. Cette pratique intensive favorise l&#8217;acquisition de comp\u00e9tences linguistiques, allant de la grammaire au vocabulaire, renfor\u00e7ant ainsi leur confiance en eux.<\/p>\n\n\n\n<figure class=\"wp-block-gallery has-nested-images columns-default is-cropped wp-block-gallery-1 is-layout-flex wp-block-gallery-is-layout-flex\">\n<figure class=\"wp-block-image size-large\"><img loading=\"lazy\" decoding=\"async\" width=\"1024\" height=\"683\" data-id=\"4452\" src=\"https:\/\/www.voyage-langue.com\/blog\/wp-content\/uploads\/2024\/03\/pexels-anastasiya-gepp-1462630-1024x683.jpg\" alt=\"\u00c9tudiante en s\u00e9jour linguistique \" class=\"wp-image-4452\" srcset=\"https:\/\/www.voyage-langue.com\/blog\/wp-content\/uploads\/2024\/03\/pexels-anastasiya-gepp-1462630-1024x683.jpg 1024w, https:\/\/www.voyage-langue.com\/blog\/wp-content\/uploads\/2024\/03\/pexels-anastasiya-gepp-1462630-300x200.jpg 300w, https:\/\/www.voyage-langue.com\/blog\/wp-content\/uploads\/2024\/03\/pexels-anastasiya-gepp-1462630-768x512.jpg 768w, https:\/\/www.voyage-langue.com\/blog\/wp-content\/uploads\/2024\/03\/pexels-anastasiya-gepp-1462630-1536x1024.jpg 1536w, https:\/\/www.voyage-langue.com\/blog\/wp-content\/uploads\/2024\/03\/pexels-anastasiya-gepp-1462630-2048x1365.jpg 2048w, https:\/\/www.voyage-langue.com\/blog\/wp-content\/uploads\/2024\/03\/pexels-anastasiya-gepp-1462630-380x253.jpg 380w, https:\/\/www.voyage-langue.com\/blog\/wp-content\/uploads\/2024\/03\/pexels-anastasiya-gepp-1462630-800x533.jpg 800w, https:\/\/www.voyage-langue.com\/blog\/wp-content\/uploads\/2024\/03\/pexels-anastasiya-gepp-1462630-1160x773.jpg 1160w, https:\/\/www.voyage-langue.com\/blog\/wp-content\/uploads\/2024\/03\/pexels-anastasiya-gepp-1462630-scaled.jpg 2560w\" sizes=\"(max-width: 1024px) 100vw, 1024px\" \/><\/figure>\n\n\n\n<figure class=\"wp-block-image size-large\"><img loading=\"lazy\" decoding=\"async\" width=\"1024\" height=\"682\" data-id=\"4719\" src=\"https:\/\/www.voyage-langue.com\/blog\/wp-content\/uploads\/2024\/04\/desola-lanre-ologun-7d4LREDSPyQ-unsplash-1024x682.jpg\" alt=\"\" class=\"wp-image-4719\" srcset=\"https:\/\/www.voyage-langue.com\/blog\/wp-content\/uploads\/2024\/04\/desola-lanre-ologun-7d4LREDSPyQ-unsplash-1024x682.jpg 1024w, https:\/\/www.voyage-langue.com\/blog\/wp-content\/uploads\/2024\/04\/desola-lanre-ologun-7d4LREDSPyQ-unsplash-300x200.jpg 300w, https:\/\/www.voyage-langue.com\/blog\/wp-content\/uploads\/2024\/04\/desola-lanre-ologun-7d4LREDSPyQ-unsplash-768x512.jpg 768w, https:\/\/www.voyage-langue.com\/blog\/wp-content\/uploads\/2024\/04\/desola-lanre-ologun-7d4LREDSPyQ-unsplash-1536x1024.jpg 1536w, https:\/\/www.voyage-langue.com\/blog\/wp-content\/uploads\/2024\/04\/desola-lanre-ologun-7d4LREDSPyQ-unsplash-2048x1365.jpg 2048w, https:\/\/www.voyage-langue.com\/blog\/wp-content\/uploads\/2024\/04\/desola-lanre-ologun-7d4LREDSPyQ-unsplash-380x253.jpg 380w, https:\/\/www.voyage-langue.com\/blog\/wp-content\/uploads\/2024\/04\/desola-lanre-ologun-7d4LREDSPyQ-unsplash-800x533.jpg 800w, https:\/\/www.voyage-langue.com\/blog\/wp-content\/uploads\/2024\/04\/desola-lanre-ologun-7d4LREDSPyQ-unsplash-1160x773.jpg 1160w, https:\/\/www.voyage-langue.com\/blog\/wp-content\/uploads\/2024\/04\/desola-lanre-ologun-7d4LREDSPyQ-unsplash-scaled.jpg 2560w\" sizes=\"(max-width: 1024px) 100vw, 1024px\" \/><\/figure>\n<\/figure>\n\n\n\n<h5 id=\"developpement-de-lautonomie-et-de-la-maturite\" class=\"wp-block-heading\"><strong>D\u00e9veloppement de l&#8217;autonomie et de la maturit\u00e9<\/strong> :<\/h5>\n\n\n\n<p>Voyager seul ou en groupe dans un pays \u00e9tranger n\u00e9cessite une certaine dose d&#8217;autonomie et de maturit\u00e9. En organisant un s\u00e9jour linguistique, les \u00e9l\u00e8ves sont confront\u00e9s \u00e0 des situations nouvelles qui les obligent \u00e0 prendre des initiatives, \u00e0 r\u00e9soudre des probl\u00e8mes et \u00e0 s&#8217;adapter \u00e0 un environnement diff\u00e9rent. Cette exp\u00e9rience contribue \u00e0 leur donner confiance, \u00e0 d\u00e9velopper leur sens des responsabilit\u00e9s et \u00e0 renforcer leur capacit\u00e9 \u00e0 s&#8217;adapter \u00e0 des contextes vari\u00e9s, des comp\u00e9tences pr\u00e9cieuses pour leur avenir professionnel et personnel.<\/p>\n\n\n\n<h5 id=\"engagement-dans-lapprentissage\" class=\"wp-block-heading\"><strong>Engagement dans l&#8217;apprentissage<\/strong> :<\/h5>\n\n\n\n<p>Contrairement au stage obligatoire de seconde traditionnel, souvent per\u00e7u comme une contrainte scolaire, le s\u00e9jour linguistique suscite g\u00e9n\u00e9ralement un r\u00e9el enthousiasme chez les \u00e9l\u00e8ves. Cette exp\u00e9rience leur offre la chance d&#8217;apprendre tout en d\u00e9couvrant de nouveaux horizons, ce qui stimule leur motivation. Les cours de langue lors du s\u00e9jour sont interactifs et pratiques, rendant l&#8217;apprentissage plus attrayant et efficace. Cela les pr\u00e9pare \u00e9galement \u00e0 une utilisation pratique de la langue dans des situations r\u00e9elles.<\/p>\n\n\n\n<figure class=\"wp-block-gallery has-nested-images columns-default is-cropped wp-block-gallery-2 is-layout-flex wp-block-gallery-is-layout-flex\">\n<figure class=\"wp-block-image size-large\"><img loading=\"lazy\" decoding=\"async\" width=\"1024\" height=\"683\" data-id=\"4454\" src=\"https:\/\/www.voyage-langue.com\/blog\/wp-content\/uploads\/2024\/03\/alexis-brown-omeaHbEFlN4-unsplash-1024x683.jpg\" alt=\"\" class=\"wp-image-4454\" srcset=\"https:\/\/www.voyage-langue.com\/blog\/wp-content\/uploads\/2024\/03\/alexis-brown-omeaHbEFlN4-unsplash-1024x683.jpg 1024w, https:\/\/www.voyage-langue.com\/blog\/wp-content\/uploads\/2024\/03\/alexis-brown-omeaHbEFlN4-unsplash-300x200.jpg 300w, https:\/\/www.voyage-langue.com\/blog\/wp-content\/uploads\/2024\/03\/alexis-brown-omeaHbEFlN4-unsplash-768x512.jpg 768w, https:\/\/www.voyage-langue.com\/blog\/wp-content\/uploads\/2024\/03\/alexis-brown-omeaHbEFlN4-unsplash-1536x1024.jpg 1536w, https:\/\/www.voyage-langue.com\/blog\/wp-content\/uploads\/2024\/03\/alexis-brown-omeaHbEFlN4-unsplash-2048x1365.jpg 2048w, https:\/\/www.voyage-langue.com\/blog\/wp-content\/uploads\/2024\/03\/alexis-brown-omeaHbEFlN4-unsplash-380x253.jpg 380w, https:\/\/www.voyage-langue.com\/blog\/wp-content\/uploads\/2024\/03\/alexis-brown-omeaHbEFlN4-unsplash-800x533.jpg 800w, https:\/\/www.voyage-langue.com\/blog\/wp-content\/uploads\/2024\/03\/alexis-brown-omeaHbEFlN4-unsplash-1160x773.jpg 1160w, https:\/\/www.voyage-langue.com\/blog\/wp-content\/uploads\/2024\/03\/alexis-brown-omeaHbEFlN4-unsplash-scaled.jpg 2560w\" sizes=\"(max-width: 1024px) 100vw, 1024px\" \/><\/figure>\n\n\n\n<figure class=\"wp-block-image size-large\"><img loading=\"lazy\" decoding=\"async\" width=\"1024\" height=\"683\" data-id=\"4455\" src=\"https:\/\/www.voyage-langue.com\/blog\/wp-content\/uploads\/2024\/03\/luke-porter-mGFJIUD9yiM-unsplash-1024x683.jpg\" alt=\"\" class=\"wp-image-4455\" srcset=\"https:\/\/www.voyage-langue.com\/blog\/wp-content\/uploads\/2024\/03\/luke-porter-mGFJIUD9yiM-unsplash-1024x683.jpg 1024w, https:\/\/www.voyage-langue.com\/blog\/wp-content\/uploads\/2024\/03\/luke-porter-mGFJIUD9yiM-unsplash-300x200.jpg 300w, https:\/\/www.voyage-langue.com\/blog\/wp-content\/uploads\/2024\/03\/luke-porter-mGFJIUD9yiM-unsplash-768x512.jpg 768w, https:\/\/www.voyage-langue.com\/blog\/wp-content\/uploads\/2024\/03\/luke-porter-mGFJIUD9yiM-unsplash-1536x1024.jpg 1536w, https:\/\/www.voyage-langue.com\/blog\/wp-content\/uploads\/2024\/03\/luke-porter-mGFJIUD9yiM-unsplash-2048x1365.jpg 2048w, https:\/\/www.voyage-langue.com\/blog\/wp-content\/uploads\/2024\/03\/luke-porter-mGFJIUD9yiM-unsplash-380x253.jpg 380w, https:\/\/www.voyage-langue.com\/blog\/wp-content\/uploads\/2024\/03\/luke-porter-mGFJIUD9yiM-unsplash-800x533.jpg 800w, https:\/\/www.voyage-langue.com\/blog\/wp-content\/uploads\/2024\/03\/luke-porter-mGFJIUD9yiM-unsplash-1160x773.jpg 1160w, https:\/\/www.voyage-langue.com\/blog\/wp-content\/uploads\/2024\/03\/luke-porter-mGFJIUD9yiM-unsplash-scaled.jpg 2560w\" sizes=\"(max-width: 1024px) 100vw, 1024px\" \/><\/figure>\n\n\n\n<figure class=\"wp-block-image size-large\"><img loading=\"lazy\" decoding=\"async\" width=\"1024\" height=\"731\" data-id=\"4453\" src=\"https:\/\/www.voyage-langue.com\/blog\/wp-content\/uploads\/2024\/03\/melissa-askew-a1n1yPxHoIM-unsplash-1-1024x731.jpg\" alt=\"\" class=\"wp-image-4453\" srcset=\"https:\/\/www.voyage-langue.com\/blog\/wp-content\/uploads\/2024\/03\/melissa-askew-a1n1yPxHoIM-unsplash-1-1024x731.jpg 1024w, https:\/\/www.voyage-langue.com\/blog\/wp-content\/uploads\/2024\/03\/melissa-askew-a1n1yPxHoIM-unsplash-1-300x214.jpg 300w, https:\/\/www.voyage-langue.com\/blog\/wp-content\/uploads\/2024\/03\/melissa-askew-a1n1yPxHoIM-unsplash-1-768x548.jpg 768w, https:\/\/www.voyage-langue.com\/blog\/wp-content\/uploads\/2024\/03\/melissa-askew-a1n1yPxHoIM-unsplash-1-1536x1096.jpg 1536w, https:\/\/www.voyage-langue.com\/blog\/wp-content\/uploads\/2024\/03\/melissa-askew-a1n1yPxHoIM-unsplash-1-2048x1461.jpg 2048w, https:\/\/www.voyage-langue.com\/blog\/wp-content\/uploads\/2024\/03\/melissa-askew-a1n1yPxHoIM-unsplash-1-380x271.jpg 380w, https:\/\/www.voyage-langue.com\/blog\/wp-content\/uploads\/2024\/03\/melissa-askew-a1n1yPxHoIM-unsplash-1-800x571.jpg 800w, https:\/\/www.voyage-langue.com\/blog\/wp-content\/uploads\/2024\/03\/melissa-askew-a1n1yPxHoIM-unsplash-1-1160x828.jpg 1160w, https:\/\/www.voyage-langue.com\/blog\/wp-content\/uploads\/2024\/03\/melissa-askew-a1n1yPxHoIM-unsplash-1-scaled.jpg 2560w\" sizes=\"(max-width: 1024px) 100vw, 1024px\" \/><\/figure>\n<\/figure>\n\n\n\n<h5 id=\"preparation-a-la-mobilite-internationale\" class=\"wp-block-heading\"><strong>Pr\u00e9paration \u00e0 la mobilit\u00e9 internationale<\/strong> :<\/h5>\n\n\n\n<p>Dans un monde mondialis\u00e9, la communication dans une langue \u00e9trang\u00e8re et l&#8217;adaptation \u00e0 diverses cultures deviennent des comp\u00e9tences primordiales. Opter pour un s\u00e9jour linguistique d\u00e8s le lyc\u00e9e offre aux \u00e9l\u00e8ves une pr\u00e9paration pr\u00e9cieuse \u00e0 une future mobilit\u00e9 internationale. Cette exp\u00e9rience enrichissante constitue un v\u00e9ritable tremplin vers la r\u00e9ussite professionnelle et sociale. Elle leur permettra d&#8217;acqu\u00e9rir des comp\u00e9tences interculturelles indispensables et en \u00e9largissant leur r\u00e9seau mondial de contacts.<\/p>\n\n\n\n<p>Transformer le stage obligatoire de seconde en s\u00e9jour linguistique repr\u00e9sente une opportunit\u00e9 unique pour les \u00e9l\u00e8ves d&#8217;enrichir leur parcours \u00e9ducatif et de se pr\u00e9parer efficacement \u00e0 un avenir international. Cette alternative pr\u00e9sente de nombreux avantages tant sur le plan acad\u00e9mique que personnel. Elle offre une immersion culturelle, renforce les comp\u00e9tences linguistiques et favorise le d\u00e9veloppement de l&#8217;autonomie, de la maturit\u00e9 et de l&#8217;engagement dans l&#8217;apprentissage. De plus, elle pr\u00e9pare efficacement \u00e0 la mobilit\u00e9 internationale. Chez <a href=\"https:\/\/www.voyage-langue.com\/sejours-linguistiques?courses=10,16,15,25\">Voyage Langue,<\/a> nous croyons au pouvoir transformateur du s\u00e9jour linguistique et nous sommes engag\u00e9s \u00e0 offrir \u00e0 chaque \u00e9l\u00e8ve une exp\u00e9rience enrichissante et inoubliable. <\/p>\n","protected":false},"excerpt":{"rendered":"Le stage de seconde repr\u00e9sente une \u00e9tape cruciale dans le parcours \u00e9ducatif des lyc\u00e9ens fran\u00e7ais. Traditionnellement r\u00e9alis\u00e9 dans&hellip;\n","protected":false},"author":10,"featured_media":4450,"comment_status":"open","ping_status":"open","sticky":false,"template":"","format":"standard","meta":{"_mi_skip_tracking":false,"footnotes":""},"categories":[25,27],"tags":[],"yoast_head":"<!-- This site is optimized with the Yoast SEO plugin v22.3 - https:\/\/yoast.com\/wordpress\/plugins\/seo\/ -->\n<title>Stage obligatoire de seconde : le transformer en s\u00e9jour linguistique - Voyage-Langue<\/title>\n<meta name=\"description\" content=\"Le stage obligatoire de seconde est une \u00e9tape cruciale dans le parcours des lyc\u00e9ens : pourquoi ne pas le transformer en s\u00e9jour linguistique?\" \/>\n<meta name=\"robots\" content=\"index, follow, max-snippet:-1, max-image-preview:large, max-video-preview:-1\" \/>\n<link rel=\"canonical\" href=\"https:\/\/www.voyage-langue.com\/blog\/autres-destinations\/stage-obligatoire-de-seconde-le-transformer-en-sejour-linguistique\/\" \/>\n<meta property=\"og:locale\" content=\"fr_FR\" \/>\n<meta property=\"og:type\" content=\"article\" \/>\n<meta property=\"og:title\" content=\"Stage obligatoire de seconde : le transformer en s\u00e9jour linguistique - Voyage-Langue\" \/>\n<meta property=\"og:description\" content=\"Le stage obligatoire de seconde est une \u00e9tape cruciale dans le parcours des lyc\u00e9ens : pourquoi ne pas le transformer en s\u00e9jour linguistique?\" \/>\n<meta property=\"og:url\" content=\"https:\/\/www.voyage-langue.com\/blog\/autres-destinations\/stage-obligatoire-de-seconde-le-transformer-en-sejour-linguistique\/\" \/>\n<meta property=\"og:site_name\" content=\"Voyage-Langue\" \/>\n<meta property=\"article:publisher\" content=\"https:\/\/www.facebook.com\/voyage.langue\" \/>\n<meta property=\"article:published_time\" content=\"2024-04-30T10:13:55+00:00\" \/>\n<meta property=\"article:modified_time\" content=\"2024-04-30T12:59:03+00:00\" \/>\n<meta property=\"og:image\" content=\"https:\/\/www.voyage-langue.com\/blog\/wp-content\/uploads\/2024\/03\/denisse-leon-IGfYkjawPAc-unsplash-scaled-e1711462080736.jpg\" \/>\n\t<meta property=\"og:image:width\" content=\"2560\" \/>\n\t<meta property=\"og:image:height\" content=\"1245\" \/>\n\t<meta property=\"og:image:type\" content=\"image\/jpeg\" \/>\n<meta name=\"author\" content=\"Juliette\" \/>\n<meta name=\"twitter:card\" content=\"summary_large_image\" \/>\n<meta name=\"twitter:creator\" content=\"@VoyageLangue\" \/>\n<meta name=\"twitter:site\" content=\"@VoyageLangue\" \/>\n<meta name=\"twitter:label1\" content=\"\u00c9crit par\" \/>\n\t<meta name=\"twitter:data1\" content=\"Juliette\" \/>\n\t<meta name=\"twitter:label2\" content=\"Dur\u00e9e de lecture estim\u00e9e\" \/>\n\t<meta name=\"twitter:data2\" content=\"4 minutes\" \/>\n<!-- \/ Yoast SEO plugin. -->","yoast_head_json":{"title":"Stage obligatoire de seconde : le transformer en s\u00e9jour linguistique - Voyage-Langue","description":"Le stage obligatoire de seconde est une \u00e9tape cruciale dans le parcours des lyc\u00e9ens : pourquoi ne pas le transformer en s\u00e9jour linguistique?","robots":{"index":"index","follow":"follow","max-snippet":"max-snippet:-1","max-image-preview":"max-image-preview:large","max-video-preview":"max-video-preview:-1"},"canonical":"https:\/\/www.voyage-langue.com\/blog\/autres-destinations\/stage-obligatoire-de-seconde-le-transformer-en-sejour-linguistique\/","og_locale":"fr_FR","og_type":"article","og_title":"Stage obligatoire de seconde : le transformer en s\u00e9jour linguistique - Voyage-Langue","og_description":"Le stage obligatoire de seconde est une \u00e9tape cruciale dans le parcours des lyc\u00e9ens : pourquoi ne pas le transformer en s\u00e9jour linguistique?","og_url":"https:\/\/www.voyage-langue.com\/blog\/autres-destinations\/stage-obligatoire-de-seconde-le-transformer-en-sejour-linguistique\/","og_site_name":"Voyage-Langue","article_publisher":"https:\/\/www.facebook.com\/voyage.langue","article_published_time":"2024-04-30T10:13:55+00:00","article_modified_time":"2024-04-30T12:59:03+00:00","og_image":[{"width":2560,"height":1245,"url":"https:\/\/www.voyage-langue.com\/blog\/wp-content\/uploads\/2024\/03\/denisse-leon-IGfYkjawPAc-unsplash-scaled-e1711462080736.jpg","type":"image\/jpeg"}],"author":"Juliette","twitter_card":"summary_large_image","twitter_creator":"@VoyageLangue","twitter_site":"@VoyageLangue","twitter_misc":{"\u00c9crit par":"Juliette","Dur\u00e9e de lecture estim\u00e9e":"4 minutes"},"schema":{"@context":"https:\/\/schema.org","@graph":[{"@type":"WebPage","@id":"https:\/\/www.voyage-langue.com\/blog\/autres-destinations\/stage-obligatoire-de-seconde-le-transformer-en-sejour-linguistique\/","url":"https:\/\/www.voyage-langue.com\/blog\/autres-destinations\/stage-obligatoire-de-seconde-le-transformer-en-sejour-linguistique\/","name":"Stage obligatoire de seconde : le transformer en s\u00e9jour linguistique - Voyage-Langue","isPartOf":{"@id":"https:\/\/www.voyage-langue.com\/blog\/#website"},"primaryImageOfPage":{"@id":"https:\/\/www.voyage-langue.com\/blog\/autres-destinations\/stage-obligatoire-de-seconde-le-transformer-en-sejour-linguistique\/#primaryimage"},"image":{"@id":"https:\/\/www.voyage-langue.com\/blog\/autres-destinations\/stage-obligatoire-de-seconde-le-transformer-en-sejour-linguistique\/#primaryimage"},"thumbnailUrl":"https:\/\/www.voyage-langue.com\/blog\/wp-content\/uploads\/2024\/03\/denisse-leon-IGfYkjawPAc-unsplash-scaled-e1711462080736.jpg","datePublished":"2024-04-30T10:13:55+00:00","dateModified":"2024-04-30T12:59:03+00:00","author":{"@id":"https:\/\/www.voyage-langue.com\/blog\/#\/schema\/person\/eec3a786c6bcb6696c0bbd5260084565"},"description":"Le stage obligatoire de seconde est une \u00e9tape cruciale dans le parcours des lyc\u00e9ens : pourquoi ne pas le transformer en s\u00e9jour linguistique?","breadcrumb":{"@id":"https:\/\/www.voyage-langue.com\/blog\/autres-destinations\/stage-obligatoire-de-seconde-le-transformer-en-sejour-linguistique\/#breadcrumb"},"inLanguage":"fr-FR","potentialAction":[{"@type":"ReadAction","target":["https:\/\/www.voyage-langue.com\/blog\/autres-destinations\/stage-obligatoire-de-seconde-le-transformer-en-sejour-linguistique\/"]}]},{"@type":"ImageObject","inLanguage":"fr-FR","@id":"https:\/\/www.voyage-langue.com\/blog\/autres-destinations\/stage-obligatoire-de-seconde-le-transformer-en-sejour-linguistique\/#primaryimage","url":"https:\/\/www.voyage-langue.com\/blog\/wp-content\/uploads\/2024\/03\/denisse-leon-IGfYkjawPAc-unsplash-scaled-e1711462080736.jpg","contentUrl":"https:\/\/www.voyage-langue.com\/blog\/wp-content\/uploads\/2024\/03\/denisse-leon-IGfYkjawPAc-unsplash-scaled-e1711462080736.jpg","width":2560,"height":1245},{"@type":"BreadcrumbList","@id":"https:\/\/www.voyage-langue.com\/blog\/autres-destinations\/stage-obligatoire-de-seconde-le-transformer-en-sejour-linguistique\/#breadcrumb","itemListElement":[{"@type":"ListItem","position":1,"name":"Accueil","item":"https:\/\/www.voyage-langue.com\/blog\/"},{"@type":"ListItem","position":2,"name":"Stage obligatoire de seconde : le transformer en s\u00e9jour linguistique"}]},{"@type":"WebSite","@id":"https:\/\/www.voyage-langue.com\/blog\/#website","url":"https:\/\/www.voyage-langue.com\/blog\/","name":"Voyage-Langue","description":"Le site des s\u00e9jours linguistiques - Le blog","potentialAction":[{"@type":"SearchAction","target":{"@type":"EntryPoint","urlTemplate":"https:\/\/www.voyage-langue.com\/blog\/?s={search_term_string}"},"query-input":"required name=search_term_string"}],"inLanguage":"fr-FR"},{"@type":"Person","@id":"https:\/\/www.voyage-langue.com\/blog\/#\/schema\/person\/eec3a786c6bcb6696c0bbd5260084565","name":"Juliette","image":{"@type":"ImageObject","inLanguage":"fr-FR","@id":"https:\/\/www.voyage-langue.com\/blog\/#\/schema\/person\/image\/","url":"https:\/\/secure.gravatar.com\/avatar\/e7cdbcc9cae2a62f8e191c703216c8cc?s=96&d=mm&r=g","contentUrl":"https:\/\/secure.gravatar.com\/avatar\/e7cdbcc9cae2a62f8e191c703216c8cc?s=96&d=mm&r=g","caption":"Juliette"},"url":"https:\/\/www.voyage-langue.com\/blog\/author\/juliette\/"}]}},"amp_enabled":true,"_links":{"self":[{"href":"https:\/\/www.voyage-langue.com\/blog\/wp-json\/wp\/v2\/posts\/4448"}],"collection":[{"href":"https:\/\/www.voyage-langue.com\/blog\/wp-json\/wp\/v2\/posts"}],"about":[{"href":"https:\/\/www.voyage-langue.com\/blog\/wp-json\/wp\/v2\/types\/post"}],"author":[{"embeddable":true,"href":"https:\/\/www.voyage-langue.com\/blog\/wp-json\/wp\/v2\/users\/10"}],"replies":[{"embeddable":true,"href":"https:\/\/www.voyage-langue.com\/blog\/wp-json\/wp\/v2\/comments?post=4448"}],"version-history":[{"count":9,"href":"https:\/\/www.voyage-langue.com\/blog\/wp-json\/wp\/v2\/posts\/4448\/revisions"}],"predecessor-version":[{"id":4953,"href":"https:\/\/www.voyage-langue.com\/blog\/wp-json\/wp\/v2\/posts\/4448\/revisions\/4953"}],"wp:featuredmedia":[{"embeddable":true,"href":"https:\/\/www.voyage-langue.com\/blog\/wp-json\/wp\/v2\/media\/4450"}],"wp:attachment":[{"href":"https:\/\/www.voyage-langue.com\/blog\/wp-json\/wp\/v2\/media?parent=4448"}],"wp:term":[{"taxonomy":"category","embeddable":true,"href":"https:\/\/www.voyage-langue.com\/blog\/wp-json\/wp\/v2\/categories?post=4448"},{"taxonomy":"post_tag","embeddable":true,"href":"https:\/\/www.voyage-langue.com\/blog\/wp-json\/wp\/v2\/tags?post=4448"}],"curies":[{"name":"wp","href":"https:\/\/api.w.org\/{rel}","templated":true}]}}