{"id":5289,"date":"2025-01-14T17:27:08","date_gmt":"2025-01-14T16:27:08","guid":{"rendered":"https:\/\/www.voyage-langue.com\/blog\/?p=5289"},"modified":"2025-01-14T17:27:10","modified_gmt":"2025-01-14T16:27:10","slug":"ou-feter-la-saint-patrick-en-2025","status":"publish","type":"post","link":"https:\/\/www.voyage-langue.com\/blog\/culture\/ou-feter-la-saint-patrick-en-2025\/","title":{"rendered":"O\u00f9 f\u00eater la Saint-Patrick en 2025\u00a0?"},"content":{"rendered":"\n<p><strong>La Saint-Patrick, c\u00e9l\u00e9br\u00e9e le 17 mars, est bien plus qu\u2019une f\u00eate irlandaise : c\u2019est un \u00e9v\u00e9nement mondial o\u00f9 se m\u00ealent traditions, culture et festivit\u00e9s. Mais o\u00f9 f\u00eater la saint-Patrick en 2025 ? Que vous soyez \u00e0 Dublin, Londres, ou New York, la Saint-Patrick est l\u2019occasion r\u00eav\u00e9e d\u2019am\u00e9liorer votre anglais tout en participant \u00e0 des parades spectaculaires.<\/strong><\/p>\n\n\n\n<p>En tant qu\u2019agence sp\u00e9cialis\u00e9e dans les s\u00e9jours linguistiques,&nbsp;<strong>Voyage-Langue<\/strong>&nbsp;vous propose de d\u00e9couvrir les meilleures destinations pour vivre cette exp\u00e9rience unique tout en perfectionnant votre ma\u00eetrise de la langue. Pr\u00e9parez-vous \u00e0 un voyage \u00e9ducatif, m\u00e9morable et festif !<\/p>\n\n\n\n<h2 id=\"dublin-le-berceau-ou-feter-la-saint-patrick\" class=\"wp-block-heading has-text-align-left\"><strong>Dublin : Le&nbsp;berceau o\u00f9 f\u00eater la Saint-Patrick<\/strong><\/h2>\n\n\n\n<p>Difficile de parler de la Saint-Patrick sans mentionner&nbsp;<strong><a href=\"https:\/\/www.voyage-langue.com\/sejours-linguistiques\/irlande\/dublin\">Dublin<\/a><\/strong>, capitale de l\u2019Irlande et \u00e9picentre des festivit\u00e9s. La ville propose une immersion totale dans les traditions locales. Aussi, la c\u00e9l\u00e8bre parade de Dublin est un spectacle incontournable, m\u00ealant&nbsp;<strong>costumes extravagants<\/strong>,&nbsp;<strong>musiques folkloriques<\/strong>, et&nbsp;<strong>animations captivantes<\/strong>. Les rues s\u2019illuminent de vert, et l\u2019ambiance est \u00e0 la f\u00eate !<\/p>\n\n\n\n<p>Pour un s\u00e9jour linguistique, Dublin offre une combinaison id\u00e9ale :&nbsp;<strong>cours d\u2019anglais le matin et exploration culturelle l\u2019apr\u00e8s-midi<\/strong>. En effet, que vous soyez d\u00e9butant ou confirm\u00e9, vous apprendrez l\u2019anglais tout en vivant une exp\u00e9rience authentique au c\u0153ur des traditions irlandaises.<\/p>\n\n\n\n<div class=\"wp-block-group is-layout-constrained wp-block-group-is-layout-constrained\"><div class=\"wp-block-group__inner-container\">\n<figure class=\"wp-block-image size-large\"><img loading=\"lazy\" decoding=\"async\" width=\"1024\" height=\"681\" src=\"https:\/\/www.voyage-langue.com\/blog\/wp-content\/uploads\/2025\/01\/diogo-palhais-tnzzr8HpLhs-unsplash-2-2-1024x681.jpg\" alt=\"Une parade anim\u00e9e de la Saint-Patrick dans les rues de Dublin\" class=\"wp-image-5295\" style=\"aspect-ratio:16\/9;object-fit:cover\" srcset=\"https:\/\/www.voyage-langue.com\/blog\/wp-content\/uploads\/2025\/01\/diogo-palhais-tnzzr8HpLhs-unsplash-2-2-1024x681.jpg 1024w, https:\/\/www.voyage-langue.com\/blog\/wp-content\/uploads\/2025\/01\/diogo-palhais-tnzzr8HpLhs-unsplash-2-2-300x199.jpg 300w, https:\/\/www.voyage-langue.com\/blog\/wp-content\/uploads\/2025\/01\/diogo-palhais-tnzzr8HpLhs-unsplash-2-2-768x511.jpg 768w, https:\/\/www.voyage-langue.com\/blog\/wp-content\/uploads\/2025\/01\/diogo-palhais-tnzzr8HpLhs-unsplash-2-2-1536x1021.jpg 1536w, https:\/\/www.voyage-langue.com\/blog\/wp-content\/uploads\/2025\/01\/diogo-palhais-tnzzr8HpLhs-unsplash-2-2-2048x1362.jpg 2048w, https:\/\/www.voyage-langue.com\/blog\/wp-content\/uploads\/2025\/01\/diogo-palhais-tnzzr8HpLhs-unsplash-2-2-380x253.jpg 380w, https:\/\/www.voyage-langue.com\/blog\/wp-content\/uploads\/2025\/01\/diogo-palhais-tnzzr8HpLhs-unsplash-2-2-800x532.jpg 800w, https:\/\/www.voyage-langue.com\/blog\/wp-content\/uploads\/2025\/01\/diogo-palhais-tnzzr8HpLhs-unsplash-2-2-1160x771.jpg 1160w, https:\/\/www.voyage-langue.com\/blog\/wp-content\/uploads\/2025\/01\/diogo-palhais-tnzzr8HpLhs-unsplash-2-2-scaled.jpg 2560w\" sizes=\"(max-width: 1024px) 100vw, 1024px\" \/><\/figure>\n<\/div><\/div>\n\n\n\n<h2 id=\"new-york-une-parade-spectaculaire-dans-une-ville-cosmopolite\" class=\"wp-block-heading has-text-align-left\"><strong>New York : Une&nbsp;parade spectaculaire dans une ville cosmopolite<\/strong><\/h2>\n\n\n\n<p>Saviez-vous que la parade de la Saint-Patrick \u00e0\u00a0<strong><a href=\"https:\/\/www.voyage-langue.com\/sejours-linguistiques\/usa\/new-york\">New York<\/a><\/strong>\u00a0est la plus ancienne et la plus grande au monde ? Chaque ann\u00e9e, des milliers de participants d\u00e9filent sur la Cinqui\u00e8me Avenue, offrant un spectacle haut en couleur. Entre\u00a0<strong>gratte-ciels imposants<\/strong>\u00a0et\u00a0<strong>diversit\u00e9 culturelle<\/strong>, cette c\u00e9l\u00e9bration est parfaite pour combiner\u00a0<strong>apprentissage de l\u2019anglais<\/strong>\u00a0et\u00a0<strong>exploration d\u2019une m\u00e9tropole dynamique<\/strong>.<\/p>\n\n\n\n<p>Participer \u00e0 un s\u00e9jour linguistique \u00e0 New York pendant la Saint-Patrick, c\u2019est vivre l\u2019\u00e9nergie unique de cette ville tout en d\u00e9veloppant vos comp\u00e9tences linguistiques gr\u00e2ce \u00e0 des \u00e9changes quotidiens avec les locaux.<\/p>\n\n\n\n<figure class=\"wp-block-image size-large\"><img loading=\"lazy\" decoding=\"async\" width=\"1024\" height=\"683\" src=\"https:\/\/www.voyage-langue.com\/blog\/wp-content\/uploads\/2025\/01\/ben-o-bro-wpU4veNGnHg-unsplash-2-1024x683.jpg\" alt=\"paysage urbain de New York pendant la saint-patrick\" class=\"wp-image-5297\" style=\"aspect-ratio:16\/9;object-fit:cover\" srcset=\"https:\/\/www.voyage-langue.com\/blog\/wp-content\/uploads\/2025\/01\/ben-o-bro-wpU4veNGnHg-unsplash-2-1024x683.jpg 1024w, https:\/\/www.voyage-langue.com\/blog\/wp-content\/uploads\/2025\/01\/ben-o-bro-wpU4veNGnHg-unsplash-2-300x200.jpg 300w, https:\/\/www.voyage-langue.com\/blog\/wp-content\/uploads\/2025\/01\/ben-o-bro-wpU4veNGnHg-unsplash-2-768x512.jpg 768w, https:\/\/www.voyage-langue.com\/blog\/wp-content\/uploads\/2025\/01\/ben-o-bro-wpU4veNGnHg-unsplash-2-1536x1024.jpg 1536w, https:\/\/www.voyage-langue.com\/blog\/wp-content\/uploads\/2025\/01\/ben-o-bro-wpU4veNGnHg-unsplash-2-2048x1365.jpg 2048w, https:\/\/www.voyage-langue.com\/blog\/wp-content\/uploads\/2025\/01\/ben-o-bro-wpU4veNGnHg-unsplash-2-380x253.jpg 380w, https:\/\/www.voyage-langue.com\/blog\/wp-content\/uploads\/2025\/01\/ben-o-bro-wpU4veNGnHg-unsplash-2-800x533.jpg 800w, https:\/\/www.voyage-langue.com\/blog\/wp-content\/uploads\/2025\/01\/ben-o-bro-wpU4veNGnHg-unsplash-2-1160x773.jpg 1160w, https:\/\/www.voyage-langue.com\/blog\/wp-content\/uploads\/2025\/01\/ben-o-bro-wpU4veNGnHg-unsplash-2-scaled.jpg 2560w\" sizes=\"(max-width: 1024px) 100vw, 1024px\" \/><\/figure>\n\n\n\n<h2 id=\"londres-la-saint-patrick-version-british\" class=\"wp-block-heading\"><strong>Londres : La Saint-Patrick version british<\/strong><\/h2>\n\n\n\n<p><strong><a href=\"https:\/\/www.voyage-langue.com\/sejours-linguistiques\/angleterre\/londres\">Londres<\/a><\/strong>, capitale britannique, c\u00e9l\u00e8bre \u00e9galement la Saint-Patrick avec \u00e9clat. Sa c\u00e9l\u00e8bre parade, accompagn\u00e9e d\u2019un festival vibrant \u00e0 Trafalgar Square, met en avant danses traditionnelles,&nbsp;<strong>concerts live<\/strong>, et une gastronomie irlandaise authentique.<\/p>\n\n\n\n<p>De surcro\u00eet, en choisissant Londres pour votre s\u00e9jour linguistique, vous b\u00e9n\u00e9ficierez d\u2019un environnement riche en diversit\u00e9 culturelle.&nbsp;<strong>Pratiquez votre anglais<\/strong>&nbsp;tout en d\u00e9couvrant l\u2019histoire fascinante de la ville. Et pourquoi ne pas prolonger votre s\u00e9jour pour explorer des lieux embl\u00e9matiques comme le Tower Bridge ou le <a href=\"https:\/\/www.britishmuseum.org\">British Museum<\/a> ?<\/p>\n\n\n\n<figure class=\"wp-block-image size-large\"><img loading=\"lazy\" decoding=\"async\" width=\"1024\" height=\"683\" src=\"https:\/\/www.voyage-langue.com\/blog\/wp-content\/uploads\/2025\/01\/ugur-akdemir-HbYnglDQmuo-unsplash-1024x683.jpg\" alt=\"paysage de big ben sous un ciel blanc pour la saint-patrick\" class=\"wp-image-5298\" style=\"aspect-ratio:16\/9;object-fit:cover\" srcset=\"https:\/\/www.voyage-langue.com\/blog\/wp-content\/uploads\/2025\/01\/ugur-akdemir-HbYnglDQmuo-unsplash-1024x683.jpg 1024w, https:\/\/www.voyage-langue.com\/blog\/wp-content\/uploads\/2025\/01\/ugur-akdemir-HbYnglDQmuo-unsplash-300x200.jpg 300w, https:\/\/www.voyage-langue.com\/blog\/wp-content\/uploads\/2025\/01\/ugur-akdemir-HbYnglDQmuo-unsplash-768x512.jpg 768w, https:\/\/www.voyage-langue.com\/blog\/wp-content\/uploads\/2025\/01\/ugur-akdemir-HbYnglDQmuo-unsplash-1536x1024.jpg 1536w, https:\/\/www.voyage-langue.com\/blog\/wp-content\/uploads\/2025\/01\/ugur-akdemir-HbYnglDQmuo-unsplash-2048x1365.jpg 2048w, https:\/\/www.voyage-langue.com\/blog\/wp-content\/uploads\/2025\/01\/ugur-akdemir-HbYnglDQmuo-unsplash-380x253.jpg 380w, https:\/\/www.voyage-langue.com\/blog\/wp-content\/uploads\/2025\/01\/ugur-akdemir-HbYnglDQmuo-unsplash-800x533.jpg 800w, https:\/\/www.voyage-langue.com\/blog\/wp-content\/uploads\/2025\/01\/ugur-akdemir-HbYnglDQmuo-unsplash-1160x773.jpg 1160w, https:\/\/www.voyage-langue.com\/blog\/wp-content\/uploads\/2025\/01\/ugur-akdemir-HbYnglDQmuo-unsplash-scaled.jpg 2560w\" sizes=\"(max-width: 1024px) 100vw, 1024px\" \/><\/figure>\n\n\n\n<h2 id=\"edimbourg-une-saint-patrick-au-coeur-de-lecosse\" class=\"wp-block-heading\"><strong>\u00c9dimbourg : Une Saint-Patrick au c\u0153ur de l\u2019\u00c9cosse<\/strong><\/h2>\n\n\n\n<p>Bien que l\u2019\u00c9cosse ne soit pas irlandaise,&nbsp;<strong><a href=\"https:\/\/www.voyage-langue.com\/sejours-linguistiques\/ecosse\">\u00c9dimbourg<\/a><\/strong>&nbsp;c\u00e9l\u00e8bre la Saint-Patrick avec une ferveur unique. Les rues pav\u00e9es et les b\u00e2timents anciens se pr\u00eatent parfaitement aux&nbsp;<strong>parades festives<\/strong>, aux concerts dans les pubs traditionnels, et aux \u00e9v\u00e9nements mettant \u00e0 l\u2019honneur les liens historiques entre l\u2019\u00c9cosse et l\u2019Irlande.<\/p>\n\n\n\n<p>Un s\u00e9jour linguistique \u00e0 \u00c9dimbourg pendant la Saint-Patrick vous permettra de pratiquer l\u2019anglais dans un cadre historique exceptionnel. Enfin, pour les amateurs de l\u00e9gendes celtiques, la ville regorge de r\u00e9cits fascinants \u00e0 d\u00e9couvrir !<\/p>\n\n\n\n<figure class=\"wp-block-image size-large\"><img loading=\"lazy\" decoding=\"async\" width=\"1024\" height=\"683\" src=\"https:\/\/www.voyage-langue.com\/blog\/wp-content\/uploads\/2025\/01\/georgi-kalaydzhiev-VqsHnj-5XZg-unsplash-1024x683.jpg\" alt=\"une rue pav\u00e9e avec une tour de l'horloge en arri\u00e8re-plan \u00e0 Edimbourg\" class=\"wp-image-5299\" style=\"aspect-ratio:16\/9;object-fit:cover\" srcset=\"https:\/\/www.voyage-langue.com\/blog\/wp-content\/uploads\/2025\/01\/georgi-kalaydzhiev-VqsHnj-5XZg-unsplash-1024x683.jpg 1024w, https:\/\/www.voyage-langue.com\/blog\/wp-content\/uploads\/2025\/01\/georgi-kalaydzhiev-VqsHnj-5XZg-unsplash-300x200.jpg 300w, https:\/\/www.voyage-langue.com\/blog\/wp-content\/uploads\/2025\/01\/georgi-kalaydzhiev-VqsHnj-5XZg-unsplash-768x512.jpg 768w, https:\/\/www.voyage-langue.com\/blog\/wp-content\/uploads\/2025\/01\/georgi-kalaydzhiev-VqsHnj-5XZg-unsplash-1536x1025.jpg 1536w, https:\/\/www.voyage-langue.com\/blog\/wp-content\/uploads\/2025\/01\/georgi-kalaydzhiev-VqsHnj-5XZg-unsplash-2048x1366.jpg 2048w, https:\/\/www.voyage-langue.com\/blog\/wp-content\/uploads\/2025\/01\/georgi-kalaydzhiev-VqsHnj-5XZg-unsplash-380x253.jpg 380w, https:\/\/www.voyage-langue.com\/blog\/wp-content\/uploads\/2025\/01\/georgi-kalaydzhiev-VqsHnj-5XZg-unsplash-800x534.jpg 800w, https:\/\/www.voyage-langue.com\/blog\/wp-content\/uploads\/2025\/01\/georgi-kalaydzhiev-VqsHnj-5XZg-unsplash-1160x774.jpg 1160w, https:\/\/www.voyage-langue.com\/blog\/wp-content\/uploads\/2025\/01\/georgi-kalaydzhiev-VqsHnj-5XZg-unsplash-scaled.jpg 2560w\" sizes=\"(max-width: 1024px) 100vw, 1024px\" \/><\/figure>\n\n\n\n<h2 id=\"galway-une-saint-patrick-authentiquement-irlandaise\" class=\"wp-block-heading\"><strong>Galway : Une Saint-Patrick authentiquement irlandaise<\/strong><\/h2>\n\n\n\n<p>Par ailleurs, pour une immersion totale dans la culture irlandaise,&nbsp;<strong><a href=\"https:\/\/www.voyage-langue.com\/sejours-linguistiques\/irlande\/galway\">Galway<\/a><\/strong>&nbsp;est une destination incontournable. Cette ville c\u00f4ti\u00e8re charmante c\u00e9l\u00e8bre la Saint-Patrick de mani\u00e8re chaleureuse et authentique. Entre&nbsp;<strong>parades color\u00e9es<\/strong>, musiques celtiques dans les rues, et soir\u00e9es dans des pubs anim\u00e9s, l\u2019atmosph\u00e8re est in\u00e9gal\u00e9e.<\/p>\n\n\n\n<p>En outre, en choisissant Galway pour votre s\u00e9jour linguistique, vous profiterez d\u2019une exp\u00e9rience loin de la foule des grandes villes. C\u2019est le lieu parfait pour am\u00e9liorer votre anglais tout en d\u00e9couvrant l\u2019\u00e2me de l\u2019Irlande.<\/p>\n\n\n\n<figure class=\"wp-block-image size-large\"><img loading=\"lazy\" decoding=\"async\" width=\"1024\" height=\"575\" src=\"https:\/\/www.voyage-langue.com\/blog\/wp-content\/uploads\/2025\/01\/alex-houque-xM6ZUXUw1q0-unsplash-1024x575.jpg\" alt=\"une mouette debout au bord d'un plan d'eau \u00e0 Galway \" class=\"wp-image-5300\" style=\"aspect-ratio:16\/9;object-fit:cover\" srcset=\"https:\/\/www.voyage-langue.com\/blog\/wp-content\/uploads\/2025\/01\/alex-houque-xM6ZUXUw1q0-unsplash-1024x575.jpg 1024w, https:\/\/www.voyage-langue.com\/blog\/wp-content\/uploads\/2025\/01\/alex-houque-xM6ZUXUw1q0-unsplash-300x169.jpg 300w, https:\/\/www.voyage-langue.com\/blog\/wp-content\/uploads\/2025\/01\/alex-houque-xM6ZUXUw1q0-unsplash-768x432.jpg 768w, https:\/\/www.voyage-langue.com\/blog\/wp-content\/uploads\/2025\/01\/alex-houque-xM6ZUXUw1q0-unsplash-1536x863.jpg 1536w, https:\/\/www.voyage-langue.com\/blog\/wp-content\/uploads\/2025\/01\/alex-houque-xM6ZUXUw1q0-unsplash-2048x1151.jpg 2048w, https:\/\/www.voyage-langue.com\/blog\/wp-content\/uploads\/2025\/01\/alex-houque-xM6ZUXUw1q0-unsplash-380x214.jpg 380w, https:\/\/www.voyage-langue.com\/blog\/wp-content\/uploads\/2025\/01\/alex-houque-xM6ZUXUw1q0-unsplash-800x450.jpg 800w, https:\/\/www.voyage-langue.com\/blog\/wp-content\/uploads\/2025\/01\/alex-houque-xM6ZUXUw1q0-unsplash-1160x652.jpg 1160w, https:\/\/www.voyage-langue.com\/blog\/wp-content\/uploads\/2025\/01\/alex-houque-xM6ZUXUw1q0-unsplash-scaled.jpg 2560w\" sizes=\"(max-width: 1024px) 100vw, 1024px\" \/><\/figure>\n\n\n\n<h2 id=\"pret-a-vivre-une-saint-patrick-inoubliable\" class=\"wp-block-heading\"><strong>Pr\u00eat \u00e0 vivre une Saint-Patrick inoubliable ?<\/strong><\/h2>\n\n\n\n<p>O\u00f9 f\u00eater la Saint-Patrick en 2025 ? Que vous choisissiez&nbsp;<strong>Dublin<\/strong>,&nbsp;<strong>New York<\/strong>,&nbsp;<strong>Londres<\/strong>,&nbsp;<strong>\u00c9dimbourg<\/strong>, ou&nbsp;<strong>Galway<\/strong>, la Saint-Patrick 2025 est une opportunit\u00e9 exceptionnelle pour allier&nbsp;<strong>apprentissage linguistique<\/strong>&nbsp;et&nbsp;<strong>immersion culturelle<\/strong>. Chaque destination offre une exp\u00e9rience unique, m\u00ealant festivit\u00e9s, traditions, et \u00e9changes enrichissants.<\/p>\n\n\n\n<h2 id=\"pourquoi-choisir-voyage-langue\" class=\"wp-block-heading\"><strong>Pourquoi choisir Voyage Langue ?<\/strong><\/h2>\n\n\n\n<p>Avec Voyage Langue, b\u00e9n\u00e9ficiez de s\u00e9jours linguistiques adapt\u00e9s \u00e0 vos besoins, incluant :<\/p>\n\n\n\n<ul>\n<li><strong>Cours d\u2019anglais immersifs<\/strong>&nbsp;avec des professeurs qualifi\u00e9s.<\/li>\n\n\n\n<li>Activit\u00e9s culturelles pour d\u00e9couvrir l\u2019essence des destinations.<\/li>\n\n\n\n<li>Un accompagnement personnalis\u00e9 pour planifier votre voyage.<\/li>\n<\/ul>\n\n\n\n<p><strong>R\u00e9servez d\u00e8s maintenant votre s\u00e9jour linguistique pour la Saint-Patrick avec Voyage-Langue et vivez une aventure \u00e9ducative inoubliable !<\/strong><\/p>\n\n\n\n<p><strong><a href=\"https:\/\/www.voyage-langue.com\">R\u00e9server&nbsp;mon&nbsp;s\u00e9jour<\/a><\/strong><\/p>\n","protected":false},"excerpt":{"rendered":"La Saint-Patrick, c\u00e9l\u00e9br\u00e9e le 17 mars, est bien plus qu\u2019une f\u00eate irlandaise : c\u2019est un \u00e9v\u00e9nement mondial o\u00f9&hellip;\n","protected":false},"author":11,"featured_media":5290,"comment_status":"open","ping_status":"open","sticky":false,"template":"","format":"standard","meta":{"_mi_skip_tracking":false,"footnotes":""},"categories":[27,23,7],"tags":[],"yoast_head":"<!-- This site is optimized with the Yoast SEO plugin v22.3 - https:\/\/yoast.com\/wordpress\/plugins\/seo\/ -->\n<title>O\u00f9 f\u00eater la Saint-Patrick en 2025\u00a0? - Voyage-Langue<\/title>\n<meta name=\"description\" content=\"O\u00f9 f\u00eater la saint-Patrick en 2025 ? D\u00e9couvrez les meilleures destinations pour vivre cette exp\u00e9rience unique tout en am\u00e9liorant votre anglais\" \/>\n<meta name=\"robots\" content=\"index, follow, max-snippet:-1, max-image-preview:large, max-video-preview:-1\" \/>\n<link rel=\"canonical\" href=\"https:\/\/www.voyage-langue.com\/blog\/culture\/ou-feter-la-saint-patrick-en-2025\/\" \/>\n<meta property=\"og:locale\" content=\"fr_FR\" \/>\n<meta property=\"og:type\" content=\"article\" \/>\n<meta property=\"og:title\" content=\"O\u00f9 f\u00eater la Saint-Patrick en 2025\u00a0? - Voyage-Langue\" \/>\n<meta property=\"og:description\" content=\"O\u00f9 f\u00eater la saint-Patrick en 2025 ? D\u00e9couvrez les meilleures destinations pour vivre cette exp\u00e9rience unique tout en am\u00e9liorant votre anglais\" \/>\n<meta property=\"og:url\" content=\"https:\/\/www.voyage-langue.com\/blog\/culture\/ou-feter-la-saint-patrick-en-2025\/\" \/>\n<meta property=\"og:site_name\" content=\"Voyage-Langue\" \/>\n<meta property=\"article:publisher\" content=\"https:\/\/www.facebook.com\/voyage.langue\" \/>\n<meta property=\"article:published_time\" content=\"2025-01-14T16:27:08+00:00\" \/>\n<meta property=\"article:modified_time\" content=\"2025-01-14T16:27:10+00:00\" \/>\n<meta property=\"og:image\" content=\"https:\/\/www.voyage-langue.com\/blog\/wp-content\/uploads\/2025\/01\/StockCake-St.-Patricks-Parade_1736851806.jpg\" \/>\n\t<meta property=\"og:image:width\" content=\"1456\" \/>\n\t<meta property=\"og:image:height\" content=\"816\" \/>\n\t<meta property=\"og:image:type\" content=\"image\/jpeg\" \/>\n<meta name=\"author\" content=\"Quentin\" \/>\n<meta name=\"twitter:card\" content=\"summary_large_image\" \/>\n<meta name=\"twitter:creator\" content=\"@VoyageLangue\" \/>\n<meta name=\"twitter:site\" content=\"@VoyageLangue\" \/>\n<meta name=\"twitter:label1\" content=\"\u00c9crit par\" \/>\n\t<meta name=\"twitter:data1\" content=\"Quentin\" \/>\n\t<meta name=\"twitter:label2\" content=\"Dur\u00e9e de lecture estim\u00e9e\" \/>\n\t<meta name=\"twitter:data2\" content=\"5 minutes\" \/>\n<!-- \/ Yoast SEO plugin. -->","yoast_head_json":{"title":"O\u00f9 f\u00eater la Saint-Patrick en 2025\u00a0? - Voyage-Langue","description":"O\u00f9 f\u00eater la saint-Patrick en 2025 ? D\u00e9couvrez les meilleures destinations pour vivre cette exp\u00e9rience unique tout en am\u00e9liorant votre anglais","robots":{"index":"index","follow":"follow","max-snippet":"max-snippet:-1","max-image-preview":"max-image-preview:large","max-video-preview":"max-video-preview:-1"},"canonical":"https:\/\/www.voyage-langue.com\/blog\/culture\/ou-feter-la-saint-patrick-en-2025\/","og_locale":"fr_FR","og_type":"article","og_title":"O\u00f9 f\u00eater la Saint-Patrick en 2025\u00a0? - Voyage-Langue","og_description":"O\u00f9 f\u00eater la saint-Patrick en 2025 ? D\u00e9couvrez les meilleures destinations pour vivre cette exp\u00e9rience unique tout en am\u00e9liorant votre anglais","og_url":"https:\/\/www.voyage-langue.com\/blog\/culture\/ou-feter-la-saint-patrick-en-2025\/","og_site_name":"Voyage-Langue","article_publisher":"https:\/\/www.facebook.com\/voyage.langue","article_published_time":"2025-01-14T16:27:08+00:00","article_modified_time":"2025-01-14T16:27:10+00:00","og_image":[{"width":1456,"height":816,"url":"https:\/\/www.voyage-langue.com\/blog\/wp-content\/uploads\/2025\/01\/StockCake-St.-Patricks-Parade_1736851806.jpg","type":"image\/jpeg"}],"author":"Quentin","twitter_card":"summary_large_image","twitter_creator":"@VoyageLangue","twitter_site":"@VoyageLangue","twitter_misc":{"\u00c9crit par":"Quentin","Dur\u00e9e de lecture estim\u00e9e":"5 minutes"},"schema":{"@context":"https:\/\/schema.org","@graph":[{"@type":"WebPage","@id":"https:\/\/www.voyage-langue.com\/blog\/culture\/ou-feter-la-saint-patrick-en-2025\/","url":"https:\/\/www.voyage-langue.com\/blog\/culture\/ou-feter-la-saint-patrick-en-2025\/","name":"O\u00f9 f\u00eater la Saint-Patrick en 2025\u00a0? - Voyage-Langue","isPartOf":{"@id":"https:\/\/www.voyage-langue.com\/blog\/#website"},"primaryImageOfPage":{"@id":"https:\/\/www.voyage-langue.com\/blog\/culture\/ou-feter-la-saint-patrick-en-2025\/#primaryimage"},"image":{"@id":"https:\/\/www.voyage-langue.com\/blog\/culture\/ou-feter-la-saint-patrick-en-2025\/#primaryimage"},"thumbnailUrl":"https:\/\/www.voyage-langue.com\/blog\/wp-content\/uploads\/2025\/01\/StockCake-St.-Patricks-Parade_1736851806.jpg","datePublished":"2025-01-14T16:27:08+00:00","dateModified":"2025-01-14T16:27:10+00:00","author":{"@id":"https:\/\/www.voyage-langue.com\/blog\/#\/schema\/person\/3efb2ada18f0f626edc2a2ae58122a13"},"description":"O\u00f9 f\u00eater la saint-Patrick en 2025 ? D\u00e9couvrez les meilleures destinations pour vivre cette exp\u00e9rience unique tout en am\u00e9liorant votre anglais","breadcrumb":{"@id":"https:\/\/www.voyage-langue.com\/blog\/culture\/ou-feter-la-saint-patrick-en-2025\/#breadcrumb"},"inLanguage":"fr-FR","potentialAction":[{"@type":"ReadAction","target":["https:\/\/www.voyage-langue.com\/blog\/culture\/ou-feter-la-saint-patrick-en-2025\/"]}]},{"@type":"ImageObject","inLanguage":"fr-FR","@id":"https:\/\/www.voyage-langue.com\/blog\/culture\/ou-feter-la-saint-patrick-en-2025\/#primaryimage","url":"https:\/\/www.voyage-langue.com\/blog\/wp-content\/uploads\/2025\/01\/StockCake-St.-Patricks-Parade_1736851806.jpg","contentUrl":"https:\/\/www.voyage-langue.com\/blog\/wp-content\/uploads\/2025\/01\/StockCake-St.-Patricks-Parade_1736851806.jpg","width":1456,"height":816,"caption":"cinqui\u00e8me avenue New York saint-patrick"},{"@type":"BreadcrumbList","@id":"https:\/\/www.voyage-langue.com\/blog\/culture\/ou-feter-la-saint-patrick-en-2025\/#breadcrumb","itemListElement":[{"@type":"ListItem","position":1,"name":"Accueil","item":"https:\/\/www.voyage-langue.com\/blog\/"},{"@type":"ListItem","position":2,"name":"O\u00f9 f\u00eater la Saint-Patrick en 2025\u00a0?"}]},{"@type":"WebSite","@id":"https:\/\/www.voyage-langue.com\/blog\/#website","url":"https:\/\/www.voyage-langue.com\/blog\/","name":"Voyage-Langue","description":"Le site des s\u00e9jours linguistiques - Le blog","potentialAction":[{"@type":"SearchAction","target":{"@type":"EntryPoint","urlTemplate":"https:\/\/www.voyage-langue.com\/blog\/?s={search_term_string}"},"query-input":"required name=search_term_string"}],"inLanguage":"fr-FR"},{"@type":"Person","@id":"https:\/\/www.voyage-langue.com\/blog\/#\/schema\/person\/3efb2ada18f0f626edc2a2ae58122a13","name":"Quentin","image":{"@type":"ImageObject","inLanguage":"fr-FR","@id":"https:\/\/www.voyage-langue.com\/blog\/#\/schema\/person\/image\/","url":"https:\/\/secure.gravatar.com\/avatar\/9e36bd627243f5b2eef7aec6acafafb2?s=96&d=mm&r=g","contentUrl":"https:\/\/secure.gravatar.com\/avatar\/9e36bd627243f5b2eef7aec6acafafb2?s=96&d=mm&r=g","caption":"Quentin"},"url":"https:\/\/www.voyage-langue.com\/blog\/author\/quentin\/"}]}},"amp_enabled":true,"_links":{"self":[{"href":"https:\/\/www.voyage-langue.com\/blog\/wp-json\/wp\/v2\/posts\/5289"}],"collection":[{"href":"https:\/\/www.voyage-langue.com\/blog\/wp-json\/wp\/v2\/posts"}],"about":[{"href":"https:\/\/www.voyage-langue.com\/blog\/wp-json\/wp\/v2\/types\/post"}],"author":[{"embeddable":true,"href":"https:\/\/www.voyage-langue.com\/blog\/wp-json\/wp\/v2\/users\/11"}],"replies":[{"embeddable":true,"href":"https:\/\/www.voyage-langue.com\/blog\/wp-json\/wp\/v2\/comments?post=5289"}],"version-history":[{"count":4,"href":"https:\/\/www.voyage-langue.com\/blog\/wp-json\/wp\/v2\/posts\/5289\/revisions"}],"predecessor-version":[{"id":5317,"href":"https:\/\/www.voyage-langue.com\/blog\/wp-json\/wp\/v2\/posts\/5289\/revisions\/5317"}],"wp:featuredmedia":[{"embeddable":true,"href":"https:\/\/www.voyage-langue.com\/blog\/wp-json\/wp\/v2\/media\/5290"}],"wp:attachment":[{"href":"https:\/\/www.voyage-langue.com\/blog\/wp-json\/wp\/v2\/media?parent=5289"}],"wp:term":[{"taxonomy":"category","embeddable":true,"href":"https:\/\/www.voyage-langue.com\/blog\/wp-json\/wp\/v2\/categories?post=5289"},{"taxonomy":"post_tag","embeddable":true,"href":"https:\/\/www.voyage-langue.com\/blog\/wp-json\/wp\/v2\/tags?post=5289"}],"curies":[{"name":"wp","href":"https:\/\/api.w.org\/{rel}","templated":true}]}}