{"id":5402,"date":"2025-02-18T16:37:43","date_gmt":"2025-02-18T15:37:43","guid":{"rendered":"https:\/\/www.voyage-langue.com\/blog\/?p=5402"},"modified":"2025-03-06T18:41:54","modified_gmt":"2025-03-06T17:41:54","slug":"festivals-a-malte-experience-2025","status":"publish","type":"post","link":"https:\/\/www.voyage-langue.com\/blog\/malte\/festivals-a-malte-experience-2025\/","title":{"rendered":"Festivals \u00e0 Malte : les meilleures f\u00eates pour un s\u00e9jour m\u00e9morable"},"content":{"rendered":"\n<p>Si vous cherchez \u00e0 apprendre l\u2019anglais tout en profitant d\u2019une ambiance festive,&nbsp;<strong>Malte est la destination id\u00e9ale<\/strong>. Gr\u00e2ce \u00e0 son climat ensoleill\u00e9 et sa culture vibrante, l\u2019archipel accueille de nombreux \u00e9v\u00e9nements tout au long de l\u2019ann\u00e9e. Que ce soit pour la musique, les traditions ou les spectacles de rue, les&nbsp;<strong>festivals \u00e0 Malte<\/strong>&nbsp;sont une excellente opportunit\u00e9 de pratiquer l\u2019anglais tout en vivant des moments inoubliables.<\/p>\n\n\n\n<p>Dans cet article, d\u00e9couvrez&nbsp;<strong>les meilleurs festivals de Malte en 2025<\/strong>, parfaits pour enrichir <strong><a href=\"https:\/\/www.voyage-langue.com\/sejours-linguistiques\/malte\">votre s\u00e9jour linguistique.<\/a><\/strong><\/p>\n\n\n\n<h2 id=\"le-carnaval-de-malte-une-explosion-de-couleurs-et-de-creativite\" class=\"wp-block-heading\"><strong>Le Carnaval de Malte, une explosion de couleurs et de cr\u00e9ativit\u00e9<\/strong><\/h2>\n\n\n\n<p>Chaque ann\u00e9e en f\u00e9vrier, Malte se transforme en un immense spectacle \u00e0 ciel ouvert. Le&nbsp;<strong>Carnaval de Malte<\/strong>&nbsp;anime les rues de La Valette avec ses chars color\u00e9s, ses costumes extravagants et ses spectacles d\u00e9jant\u00e9s. Depuis plusieurs si\u00e8cles, cet \u00e9v\u00e9nement c\u00e9l\u00e8bre l\u2019humour et la satire avec une \u00e9nergie d\u00e9bordante.<\/p>\n\n\n\n<p>En y participant, les \u00e9tudiants en s\u00e9jour linguistique profitent d\u2019une immersion totale. D\u2019une part, ils peuvent \u00e9changer avec les habitants et d\u2019autres visiteurs internationaux. D\u2019autre part, ils d\u00e9couvrent des expressions locales et am\u00e9liorent leur compr\u00e9hension orale. Par ailleurs, l\u2019ambiance festive rend les \u00e9changes plus naturels et spontan\u00e9s.<\/p>\n\n\n\n<p>\ud83d\udcc5&nbsp;<strong>Dates en 2025 : du 28 f\u00e9vrier au 4 mars<\/strong><br>\ud83d\udccd&nbsp;<strong>O\u00f9 ?<\/strong>&nbsp;La Valette, Gozo et plusieurs autres villes<\/p>\n\n\n\n<p>\ud83d\udd17&nbsp;<strong>En savoir plus sur l\u2019histoire du Carnaval de Malte<\/strong>&nbsp;:&nbsp;<a href=\"https:\/\/www.visitmalta.com\/\">Visitez le site officiel du tourisme maltais<\/a><\/p>\n\n\n\n<div class=\"wp-block-columns is-layout-flex wp-container-core-columns-layout-1 wp-block-columns-is-layout-flex\">\n<div class=\"wp-block-column is-layout-flow wp-block-column-is-layout-flow\"><div class=\"wp-block-image\">\n<figure class=\"aligncenter size-large is-resized\"><img loading=\"lazy\" decoding=\"async\" width=\"851\" height=\"851\" src=\"https:\/\/www.voyage-langue.com\/blog\/wp-content\/uploads\/2025\/02\/star-7264632_1280-edited.jpg\" alt=\"costume en couleurs de carnaval\" class=\"wp-image-5420\" style=\"object-fit:cover;width:210px;height:250px\" srcset=\"https:\/\/www.voyage-langue.com\/blog\/wp-content\/uploads\/2025\/02\/star-7264632_1280-edited.jpg 851w, https:\/\/www.voyage-langue.com\/blog\/wp-content\/uploads\/2025\/02\/star-7264632_1280-edited-300x300.jpg 300w, https:\/\/www.voyage-langue.com\/blog\/wp-content\/uploads\/2025\/02\/star-7264632_1280-edited-150x150.jpg 150w, https:\/\/www.voyage-langue.com\/blog\/wp-content\/uploads\/2025\/02\/star-7264632_1280-edited-768x768.jpg 768w, https:\/\/www.voyage-langue.com\/blog\/wp-content\/uploads\/2025\/02\/star-7264632_1280-edited-80x80.jpg 80w, https:\/\/www.voyage-langue.com\/blog\/wp-content\/uploads\/2025\/02\/star-7264632_1280-edited-380x380.jpg 380w, https:\/\/www.voyage-langue.com\/blog\/wp-content\/uploads\/2025\/02\/star-7264632_1280-edited-800x800.jpg 800w\" sizes=\"(max-width: 851px) 100vw, 851px\" \/><\/figure><\/div><\/div>\n\n\n\n<div class=\"wp-block-column is-layout-flow wp-block-column-is-layout-flow\"><div class=\"wp-block-image\">\n<figure class=\"aligncenter size-large is-resized\"><img loading=\"lazy\" decoding=\"async\" width=\"1024\" height=\"768\" src=\"https:\/\/www.voyage-langue.com\/blog\/wp-content\/uploads\/2025\/02\/pexels-sora-noao-265549236-12998751-1024x768.jpg\" alt=\"carnaval dans les rues de malte\" class=\"wp-image-5417\" style=\"object-fit:cover;width:210px;height:250px\" srcset=\"https:\/\/www.voyage-langue.com\/blog\/wp-content\/uploads\/2025\/02\/pexels-sora-noao-265549236-12998751-1024x768.jpg 1024w, https:\/\/www.voyage-langue.com\/blog\/wp-content\/uploads\/2025\/02\/pexels-sora-noao-265549236-12998751-300x225.jpg 300w, https:\/\/www.voyage-langue.com\/blog\/wp-content\/uploads\/2025\/02\/pexels-sora-noao-265549236-12998751-768x576.jpg 768w, https:\/\/www.voyage-langue.com\/blog\/wp-content\/uploads\/2025\/02\/pexels-sora-noao-265549236-12998751-1536x1152.jpg 1536w, https:\/\/www.voyage-langue.com\/blog\/wp-content\/uploads\/2025\/02\/pexels-sora-noao-265549236-12998751-2048x1536.jpg 2048w, https:\/\/www.voyage-langue.com\/blog\/wp-content\/uploads\/2025\/02\/pexels-sora-noao-265549236-12998751-200x150.jpg 200w, https:\/\/www.voyage-langue.com\/blog\/wp-content\/uploads\/2025\/02\/pexels-sora-noao-265549236-12998751-380x285.jpg 380w, https:\/\/www.voyage-langue.com\/blog\/wp-content\/uploads\/2025\/02\/pexels-sora-noao-265549236-12998751-800x600.jpg 800w, https:\/\/www.voyage-langue.com\/blog\/wp-content\/uploads\/2025\/02\/pexels-sora-noao-265549236-12998751-1160x870.jpg 1160w, https:\/\/www.voyage-langue.com\/blog\/wp-content\/uploads\/2025\/02\/pexels-sora-noao-265549236-12998751-scaled.jpg 2560w\" sizes=\"(max-width: 1024px) 100vw, 1024px\" \/><\/figure><\/div><\/div>\n\n\n\n<div class=\"wp-block-column is-layout-flow wp-block-column-is-layout-flow\"><div class=\"wp-block-image\">\n<figure class=\"aligncenter size-large is-resized\"><img loading=\"lazy\" decoding=\"async\" width=\"1024\" height=\"681\" src=\"https:\/\/www.voyage-langue.com\/blog\/wp-content\/uploads\/2025\/02\/carnival-8028612_1280-1024x681.jpg\" alt=\"costume traditionnel de carnaval\" class=\"wp-image-5418\" style=\"object-fit:cover;width:210px;height:250px\" srcset=\"https:\/\/www.voyage-langue.com\/blog\/wp-content\/uploads\/2025\/02\/carnival-8028612_1280-1024x681.jpg 1024w, https:\/\/www.voyage-langue.com\/blog\/wp-content\/uploads\/2025\/02\/carnival-8028612_1280-300x199.jpg 300w, https:\/\/www.voyage-langue.com\/blog\/wp-content\/uploads\/2025\/02\/carnival-8028612_1280-768x511.jpg 768w, https:\/\/www.voyage-langue.com\/blog\/wp-content\/uploads\/2025\/02\/carnival-8028612_1280-380x253.jpg 380w, https:\/\/www.voyage-langue.com\/blog\/wp-content\/uploads\/2025\/02\/carnival-8028612_1280-800x532.jpg 800w, https:\/\/www.voyage-langue.com\/blog\/wp-content\/uploads\/2025\/02\/carnival-8028612_1280-1160x771.jpg 1160w, https:\/\/www.voyage-langue.com\/blog\/wp-content\/uploads\/2025\/02\/carnival-8028612_1280.jpg 1280w\" sizes=\"(max-width: 1024px) 100vw, 1024px\" \/><\/figure><\/div><\/div>\n<\/div>\n\n\n\n<h2 id=\"lisle-of-mtv-le-rendez-vous-incontournable-des-amateurs-de-musique\" class=\"wp-block-heading\"><strong>L\u2019Isle of MTV, le rendez-vous incontournable des amateurs de musique<\/strong><\/h2>\n\n\n\n<p>Chaque \u00e9t\u00e9, Malte accueille l\u2019un des plus grands festivals de musique gratuits d\u2019Europe :&nbsp;<strong>l\u2019Isle of MTV<\/strong>. Pendant une soir\u00e9e, la sc\u00e8ne de Floriana r\u00e9sonne aux sons des plus grands artistes internationaux. En raison de son accessibilit\u00e9, l\u2019\u00e9v\u00e9nement attire une foule cosmopolite et offre une ambiance \u00e9lectrique.<\/p>\n\n\n\n<p>Mais ce festival ne se r\u00e9sume pas uniquement \u00e0 la musique. Il repr\u00e9sente aussi une opportunit\u00e9 parfaite pour am\u00e9liorer son anglais. En effet, que ce soit en chantant les paroles des tubes internationaux ou en discutant avec d\u2019autres festivaliers, chacun peut pratiquer la langue dans un cadre ludique. De plus, cette immersion musicale favorise une meilleure compr\u00e9hension de l\u2019anglais oral.<\/p>\n\n\n\n<p>\ud83d\udcc5&nbsp;<strong>Date en 2025 : Juillet<\/strong> (date exacte \u00e0 confirmer)<br>\ud83d\udccd&nbsp;<strong>O\u00f9 ?<\/strong>&nbsp;Floriana, pr\u00e8s de La Valette<\/p>\n\n\n\n<p>\ud83d\udd17&nbsp;<strong>Consultez les mises \u00e0 jour officielles<\/strong>&nbsp;:&nbsp;<a href=\"https:\/\/www.isleofmtv.com\/\">Site de l\u2019Isle of MTV<\/a><\/p>\n\n\n<div class=\"wp-block-image\">\n<figure class=\"aligncenter size-large is-resized\"><img loading=\"lazy\" decoding=\"async\" width=\"1024\" height=\"683\" src=\"https:\/\/www.voyage-langue.com\/blog\/wp-content\/uploads\/2025\/02\/danny-howe-bn-D2bCvpik-unsplash-1024x683.jpg\" alt=\"Foule du festival Isle of MTV\" class=\"wp-image-5410\" style=\"object-fit:cover;width:700px;height:300px\" srcset=\"https:\/\/www.voyage-langue.com\/blog\/wp-content\/uploads\/2025\/02\/danny-howe-bn-D2bCvpik-unsplash-1024x683.jpg 1024w, https:\/\/www.voyage-langue.com\/blog\/wp-content\/uploads\/2025\/02\/danny-howe-bn-D2bCvpik-unsplash-300x200.jpg 300w, https:\/\/www.voyage-langue.com\/blog\/wp-content\/uploads\/2025\/02\/danny-howe-bn-D2bCvpik-unsplash-768x513.jpg 768w, https:\/\/www.voyage-langue.com\/blog\/wp-content\/uploads\/2025\/02\/danny-howe-bn-D2bCvpik-unsplash-1536x1025.jpg 1536w, https:\/\/www.voyage-langue.com\/blog\/wp-content\/uploads\/2025\/02\/danny-howe-bn-D2bCvpik-unsplash-2048x1367.jpg 2048w, https:\/\/www.voyage-langue.com\/blog\/wp-content\/uploads\/2025\/02\/danny-howe-bn-D2bCvpik-unsplash-380x254.jpg 380w, https:\/\/www.voyage-langue.com\/blog\/wp-content\/uploads\/2025\/02\/danny-howe-bn-D2bCvpik-unsplash-800x534.jpg 800w, https:\/\/www.voyage-langue.com\/blog\/wp-content\/uploads\/2025\/02\/danny-howe-bn-D2bCvpik-unsplash-1160x774.jpg 1160w, https:\/\/www.voyage-langue.com\/blog\/wp-content\/uploads\/2025\/02\/danny-howe-bn-D2bCvpik-unsplash-scaled.jpg 2560w\" sizes=\"(max-width: 1024px) 100vw, 1024px\" \/><\/figure><\/div>\n\n\n<h2 id=\"les-festas-au-coeur-des-traditions-maltaises\" class=\"wp-block-heading\"><strong>Les Festas, au c\u0153ur des traditions maltaises<\/strong><\/h2>\n\n\n\n<p>Tout au long de l\u2019ann\u00e9e, les villages maltais organisent des&nbsp;<strong>Festas<\/strong>&nbsp;en l\u2019honneur de leurs saints patrons. Ces festivit\u00e9s m\u00ealent processions religieuses, feux d\u2019artifice spectaculaires et concerts en plein air. Parmi elles, la&nbsp;<strong>Festa de Santa Marija<\/strong>, qui a lieu chaque 15 ao\u00fbt, reste la plus impressionnante.<\/p>\n\n\n\n<p>En assistant \u00e0 ces \u00e9v\u00e9nements, les visiteurs plongent au c\u0153ur des traditions maltaises. Ils ont \u00e9galement l\u2019occasion de discuter avec les locaux et de lire les affiches et programmes en anglais. En outre, la ferveur populaire et l\u2019ambiance conviviale rendent l\u2019exp\u00e9rience encore plus immersive.<\/p>\n\n\n\n<p>\ud83d\udcc5&nbsp;<strong>Dates principales en 2025 : plusieurs Festas tout l\u2019\u00e9t\u00e9, dont Santa Marija le 15 ao\u00fbt<\/strong><br>\ud83d\udccd&nbsp;<strong>O\u00f9 ?<\/strong>&nbsp;Partout \u00e0 Malte, avec une forte pr\u00e9sence \u00e0 Mosta et Gozo<\/p>\n\n\n\n<div class=\"wp-block-columns is-layout-flex wp-container-core-columns-layout-2 wp-block-columns-is-layout-flex\">\n<div class=\"wp-block-column is-layout-flow wp-block-column-is-layout-flow\" style=\"flex-basis:33.33%\"><div class=\"wp-block-image\">\n<figure class=\"aligncenter size-large is-resized\"><img loading=\"lazy\" decoding=\"async\" width=\"683\" height=\"1024\" src=\"https:\/\/www.voyage-langue.com\/blog\/wp-content\/uploads\/2025\/02\/artem-lobastov-8v8FE5xFphw-unsplash-2-683x1024.jpg\" alt=\"Festa de San Marija \u00e0 Malte\" class=\"wp-image-5408\" style=\"object-fit:cover;width:200px;height:300px\" srcset=\"https:\/\/www.voyage-langue.com\/blog\/wp-content\/uploads\/2025\/02\/artem-lobastov-8v8FE5xFphw-unsplash-2-683x1024.jpg 683w, https:\/\/www.voyage-langue.com\/blog\/wp-content\/uploads\/2025\/02\/artem-lobastov-8v8FE5xFphw-unsplash-2-200x300.jpg 200w, https:\/\/www.voyage-langue.com\/blog\/wp-content\/uploads\/2025\/02\/artem-lobastov-8v8FE5xFphw-unsplash-2-768x1152.jpg 768w, https:\/\/www.voyage-langue.com\/blog\/wp-content\/uploads\/2025\/02\/artem-lobastov-8v8FE5xFphw-unsplash-2-1024x1536.jpg 1024w, https:\/\/www.voyage-langue.com\/blog\/wp-content\/uploads\/2025\/02\/artem-lobastov-8v8FE5xFphw-unsplash-2-1365x2048.jpg 1365w, https:\/\/www.voyage-langue.com\/blog\/wp-content\/uploads\/2025\/02\/artem-lobastov-8v8FE5xFphw-unsplash-2-380x570.jpg 380w, https:\/\/www.voyage-langue.com\/blog\/wp-content\/uploads\/2025\/02\/artem-lobastov-8v8FE5xFphw-unsplash-2-800x1200.jpg 800w, https:\/\/www.voyage-langue.com\/blog\/wp-content\/uploads\/2025\/02\/artem-lobastov-8v8FE5xFphw-unsplash-2-1160x1740.jpg 1160w, https:\/\/www.voyage-langue.com\/blog\/wp-content\/uploads\/2025\/02\/artem-lobastov-8v8FE5xFphw-unsplash-2-scaled.jpg 1707w\" sizes=\"(max-width: 683px) 100vw, 683px\" \/><\/figure><\/div><\/div>\n\n\n\n<div class=\"wp-block-column is-layout-flow wp-block-column-is-layout-flow\" style=\"flex-basis:66.66%\"><div class=\"wp-block-image\">\n<figure class=\"aligncenter size-large is-resized\"><img loading=\"lazy\" decoding=\"async\" width=\"1024\" height=\"683\" src=\"https:\/\/www.voyage-langue.com\/blog\/wp-content\/uploads\/2025\/02\/petar-avramoski-1v4h_venHb4-unsplash-2-1024x683.jpg\" alt=\"Mosta \u00e0 Malte\" class=\"wp-image-5413\" style=\"width:auto;height:300px\" srcset=\"https:\/\/www.voyage-langue.com\/blog\/wp-content\/uploads\/2025\/02\/petar-avramoski-1v4h_venHb4-unsplash-2-1024x683.jpg 1024w, https:\/\/www.voyage-langue.com\/blog\/wp-content\/uploads\/2025\/02\/petar-avramoski-1v4h_venHb4-unsplash-2-300x200.jpg 300w, https:\/\/www.voyage-langue.com\/blog\/wp-content\/uploads\/2025\/02\/petar-avramoski-1v4h_venHb4-unsplash-2-768x512.jpg 768w, https:\/\/www.voyage-langue.com\/blog\/wp-content\/uploads\/2025\/02\/petar-avramoski-1v4h_venHb4-unsplash-2-1536x1024.jpg 1536w, https:\/\/www.voyage-langue.com\/blog\/wp-content\/uploads\/2025\/02\/petar-avramoski-1v4h_venHb4-unsplash-2-2048x1365.jpg 2048w, https:\/\/www.voyage-langue.com\/blog\/wp-content\/uploads\/2025\/02\/petar-avramoski-1v4h_venHb4-unsplash-2-380x253.jpg 380w, https:\/\/www.voyage-langue.com\/blog\/wp-content\/uploads\/2025\/02\/petar-avramoski-1v4h_venHb4-unsplash-2-800x533.jpg 800w, https:\/\/www.voyage-langue.com\/blog\/wp-content\/uploads\/2025\/02\/petar-avramoski-1v4h_venHb4-unsplash-2-1160x773.jpg 1160w, https:\/\/www.voyage-langue.com\/blog\/wp-content\/uploads\/2025\/02\/petar-avramoski-1v4h_venHb4-unsplash-2-scaled.jpg 2560w\" sizes=\"(max-width: 1024px) 100vw, 1024px\" \/><\/figure><\/div><\/div>\n<\/div>\n\n\n\n<h2 id=\"le-festival-international-de-jazz-une-ambiance-feutree-et-cosmopolite\" class=\"wp-block-heading\"><strong>Le Festival International de Jazz, une ambiance feutr\u00e9e et cosmopolite<\/strong><\/h2>\n\n\n\n<p>En juillet, Malte devient le point de rendez-vous des amateurs de jazz. Le&nbsp;<strong>Festival International de Jazz<\/strong>&nbsp;se d\u00e9roule dans un cadre exceptionnel, en bord de mer \u00e0 La Valette. Chaque ann\u00e9e, il accueille des artistes de renomm\u00e9e mondiale, attirant ainsi un public m\u00e9lomane et international.<\/p>\n\n\n\n<p>Pour un \u00e9tudiant en s\u00e9jour linguistique, cet \u00e9v\u00e9nement est l\u2019occasion r\u00eav\u00e9e de progresser en anglais. En effet, les concerts permettent d\u2019am\u00e9liorer sa compr\u00e9hension orale, tandis que les discussions avec d\u2019autres spectateurs enrichissent le vocabulaire. En somme, c\u2019est une exp\u00e9rience qui allie musique, d\u00e9tente et apprentissage.<\/p>\n\n\n\n<p>\ud83d\udcc5&nbsp;<strong>Dates en 2025 : du 7 au 12 juillet<\/strong><br>\ud83d\udccd&nbsp;<strong>O\u00f9 ?<\/strong>&nbsp;La Valette<\/p>\n\n\n\n<p>\ud83d\udd17&nbsp;<strong>R\u00e9servez vos billets pour le Festival International de Jazz<\/strong>&nbsp;:&nbsp;<a href=\"https:\/\/www.festivals.mt\/mjf\">Site officiel<\/a><\/p>\n\n\n\n<h2 id=\"le-carnaval-de-nadur-une-experience-hors-du-commun\" class=\"wp-block-heading\"><strong>Le Carnaval de Nadur, une exp\u00e9rience hors du commun<\/strong><\/h2>\n\n\n\n<p>Sur l\u2019\u00eele de Gozo, un autre carnaval se distingue par son ambiance unique : le&nbsp;<strong>Carnaval de Nadur<\/strong>. Contrairement \u00e0 celui de La Valette, il ne suit aucun programme officiel. Ici, les habitants laissent libre cours \u00e0 leur imagination, enfilant des costumes insolites et improvisant des spectacles de rue.<\/p>\n\n\n\n<p>Cette f\u00eate est id\u00e9ale pour pratiquer l\u2019anglais dans un contexte d\u00e9tendu et ludique. En effet, la spontan\u00e9it\u00e9 des interactions permet d\u2019acqu\u00e9rir de nouvelles expressions tout en s\u2019amusant. De plus, la diversit\u00e9 des participants garantit des \u00e9changes vari\u00e9s et authentiques.<\/p>\n\n\n\n<p>\ud83d\udcc5&nbsp;<strong>Dates en 2025 : du 22 f\u00e9vrier au 4 mars (en parall\u00e8le du Carnaval de Malte)<\/strong><br>\ud83d\udccd&nbsp;<strong>O\u00f9 ?<\/strong>&nbsp;Nadur, Gozo<\/p>\n\n\n\n<p>\ud83d\udd17&nbsp;<strong>En savoir plus sur le Carnaval de Nadur<\/strong>&nbsp;:&nbsp;<a href=\"https:\/\/www.visitgozo.com\/\">Office du tourisme de Gozo<\/a><\/p>\n\n\n\n<div class=\"wp-block-columns is-layout-flex wp-container-core-columns-layout-3 wp-block-columns-is-layout-flex\">\n<div class=\"wp-block-column is-layout-flow wp-block-column-is-layout-flow\"><div class=\"wp-block-image\">\n<figure class=\"aligncenter size-large\"><img loading=\"lazy\" decoding=\"async\" width=\"1024\" height=\"683\" src=\"https:\/\/www.voyage-langue.com\/blog\/wp-content\/uploads\/2025\/02\/petar-avramoski-1HyUPVBHHQs-unsplash-2-1024x683.jpg\" alt=\"\" class=\"wp-image-5411\" srcset=\"https:\/\/www.voyage-langue.com\/blog\/wp-content\/uploads\/2025\/02\/petar-avramoski-1HyUPVBHHQs-unsplash-2-1024x683.jpg 1024w, https:\/\/www.voyage-langue.com\/blog\/wp-content\/uploads\/2025\/02\/petar-avramoski-1HyUPVBHHQs-unsplash-2-300x200.jpg 300w, https:\/\/www.voyage-langue.com\/blog\/wp-content\/uploads\/2025\/02\/petar-avramoski-1HyUPVBHHQs-unsplash-2-768x512.jpg 768w, https:\/\/www.voyage-langue.com\/blog\/wp-content\/uploads\/2025\/02\/petar-avramoski-1HyUPVBHHQs-unsplash-2-1536x1024.jpg 1536w, https:\/\/www.voyage-langue.com\/blog\/wp-content\/uploads\/2025\/02\/petar-avramoski-1HyUPVBHHQs-unsplash-2-2048x1365.jpg 2048w, https:\/\/www.voyage-langue.com\/blog\/wp-content\/uploads\/2025\/02\/petar-avramoski-1HyUPVBHHQs-unsplash-2-380x253.jpg 380w, https:\/\/www.voyage-langue.com\/blog\/wp-content\/uploads\/2025\/02\/petar-avramoski-1HyUPVBHHQs-unsplash-2-800x533.jpg 800w, https:\/\/www.voyage-langue.com\/blog\/wp-content\/uploads\/2025\/02\/petar-avramoski-1HyUPVBHHQs-unsplash-2-1160x773.jpg 1160w, https:\/\/www.voyage-langue.com\/blog\/wp-content\/uploads\/2025\/02\/petar-avramoski-1HyUPVBHHQs-unsplash-2-scaled.jpg 2560w\" sizes=\"(max-width: 1024px) 100vw, 1024px\" \/><\/figure><\/div><\/div>\n\n\n\n<div class=\"wp-block-column is-layout-flow wp-block-column-is-layout-flow\"><div class=\"wp-block-image\">\n<figure class=\"aligncenter size-large\"><img loading=\"lazy\" decoding=\"async\" width=\"1024\" height=\"683\" src=\"https:\/\/www.voyage-langue.com\/blog\/wp-content\/uploads\/2025\/02\/ben-jessop-NvADXEOaFXc-unsplash-1024x683.jpg\" alt=\"\" class=\"wp-image-5412\" srcset=\"https:\/\/www.voyage-langue.com\/blog\/wp-content\/uploads\/2025\/02\/ben-jessop-NvADXEOaFXc-unsplash-1024x683.jpg 1024w, https:\/\/www.voyage-langue.com\/blog\/wp-content\/uploads\/2025\/02\/ben-jessop-NvADXEOaFXc-unsplash-300x200.jpg 300w, https:\/\/www.voyage-langue.com\/blog\/wp-content\/uploads\/2025\/02\/ben-jessop-NvADXEOaFXc-unsplash-768x512.jpg 768w, https:\/\/www.voyage-langue.com\/blog\/wp-content\/uploads\/2025\/02\/ben-jessop-NvADXEOaFXc-unsplash-1536x1024.jpg 1536w, https:\/\/www.voyage-langue.com\/blog\/wp-content\/uploads\/2025\/02\/ben-jessop-NvADXEOaFXc-unsplash-2048x1365.jpg 2048w, https:\/\/www.voyage-langue.com\/blog\/wp-content\/uploads\/2025\/02\/ben-jessop-NvADXEOaFXc-unsplash-380x253.jpg 380w, https:\/\/www.voyage-langue.com\/blog\/wp-content\/uploads\/2025\/02\/ben-jessop-NvADXEOaFXc-unsplash-800x533.jpg 800w, https:\/\/www.voyage-langue.com\/blog\/wp-content\/uploads\/2025\/02\/ben-jessop-NvADXEOaFXc-unsplash-1160x773.jpg 1160w, https:\/\/www.voyage-langue.com\/blog\/wp-content\/uploads\/2025\/02\/ben-jessop-NvADXEOaFXc-unsplash-scaled.jpg 2560w\" sizes=\"(max-width: 1024px) 100vw, 1024px\" \/><\/figure><\/div><\/div>\n<\/div>\n\n\n\n<h2 id=\"pourquoi-assister-a-un-festival-a-malte-en-2025-est-une-experience-unique\" class=\"wp-block-heading\"><strong>Pourquoi assister \u00e0 un festival \u00e0 Malte en 2025 est une exp\u00e9rience unique ?<\/strong><\/h2>\n\n\n\n<p>Un&nbsp;<strong><a href=\"https:\/\/www.voyage-langue.com\/sejours-linguistiques\/malte\">s\u00e9jour linguistique \u00e0 Malte<\/a><\/strong>&nbsp;est une opportunit\u00e9 exceptionnelle pour progresser en anglais tout en profitant d\u2019une immersion culturelle unique. Gr\u00e2ce aux nombreux&nbsp;<strong>festivals \u00e0 Malte<\/strong>, vous apprendrez la langue dans un cadre dynamique et interactif.<\/p>\n\n\n\n<p>Que vous soyez amateur de musique, passionn\u00e9 de traditions ou adepte de f\u00eates populaires, il y aura toujours un festival qui enrichira votre exp\u00e9rience. Alors, pourquoi ne pas allier apprentissage et divertissement lors de votre prochain s\u00e9jour ?<\/p>\n\n\n\n<p>\ud83d\udd17&nbsp;<a href=\"https:\/\/www.voyage-langue.com\/sejours-linguistiques\/malte\"><strong>Envie de partir \u00e0 Malte ? D\u00e9couvrez nos s\u00e9jours linguistiques !<\/strong>&nbsp;<\/a><\/p>\n","protected":false},"excerpt":{"rendered":"Si vous cherchez \u00e0 apprendre l\u2019anglais tout en profitant d\u2019une ambiance festive,&nbsp;Malte est la destination id\u00e9ale. Gr\u00e2ce \u00e0&hellip;\n","protected":false},"author":11,"featured_media":5424,"comment_status":"open","ping_status":"open","sticky":false,"template":"","format":"standard","meta":{"_mi_skip_tracking":false,"footnotes":""},"categories":[27,4],"tags":[],"yoast_head":"<!-- This site is optimized with the Yoast SEO plugin v22.3 - https:\/\/yoast.com\/wordpress\/plugins\/seo\/ -->\n<title>Festivals \u00e0 Malte : les meilleures f\u00eates pour un s\u00e9jour m\u00e9morable - Voyage-Langue<\/title>\n<meta name=\"description\" content=\"Festivals \u00e0 Malte 2025 : D\u00e9couvrez les meilleurs \u00e9v\u00e9nements pour une exp\u00e9rience unique entre musique, culture et traditions sur l\u2019\u00eele.\" \/>\n<meta name=\"robots\" content=\"index, follow, max-snippet:-1, max-image-preview:large, max-video-preview:-1\" \/>\n<link rel=\"canonical\" href=\"https:\/\/www.voyage-langue.com\/blog\/malte\/festivals-a-malte-experience-2025\/\" \/>\n<meta property=\"og:locale\" content=\"fr_FR\" \/>\n<meta property=\"og:type\" content=\"article\" \/>\n<meta property=\"og:title\" content=\"Festivals \u00e0 Malte : les meilleures f\u00eates pour un s\u00e9jour m\u00e9morable - Voyage-Langue\" \/>\n<meta property=\"og:description\" content=\"Festivals \u00e0 Malte 2025 : D\u00e9couvrez les meilleurs \u00e9v\u00e9nements pour une exp\u00e9rience unique entre musique, culture et traditions sur l\u2019\u00eele.\" \/>\n<meta property=\"og:url\" content=\"https:\/\/www.voyage-langue.com\/blog\/malte\/festivals-a-malte-experience-2025\/\" \/>\n<meta property=\"og:site_name\" content=\"Voyage-Langue\" \/>\n<meta property=\"article:publisher\" content=\"https:\/\/www.facebook.com\/voyage.langue\" \/>\n<meta property=\"article:published_time\" content=\"2025-02-18T15:37:43+00:00\" \/>\n<meta property=\"article:modified_time\" content=\"2025-03-06T17:41:54+00:00\" \/>\n<meta property=\"og:image\" content=\"https:\/\/www.voyage-langue.com\/blog\/wp-content\/uploads\/2025\/02\/headerfestivalmalte1.jpg\" \/>\n\t<meta property=\"og:image:width\" content=\"800\" \/>\n\t<meta property=\"og:image:height\" content=\"370\" \/>\n\t<meta property=\"og:image:type\" content=\"image\/jpeg\" \/>\n<meta name=\"author\" content=\"Quentin\" \/>\n<meta name=\"twitter:card\" content=\"summary_large_image\" \/>\n<meta name=\"twitter:creator\" content=\"@VoyageLangue\" \/>\n<meta name=\"twitter:site\" content=\"@VoyageLangue\" \/>\n<meta name=\"twitter:label1\" content=\"\u00c9crit par\" \/>\n\t<meta name=\"twitter:data1\" content=\"Quentin\" \/>\n\t<meta name=\"twitter:label2\" content=\"Dur\u00e9e de lecture estim\u00e9e\" \/>\n\t<meta name=\"twitter:data2\" content=\"7 minutes\" \/>\n<!-- \/ Yoast SEO plugin. -->","yoast_head_json":{"title":"Festivals \u00e0 Malte : les meilleures f\u00eates pour un s\u00e9jour m\u00e9morable - Voyage-Langue","description":"Festivals \u00e0 Malte 2025 : D\u00e9couvrez les meilleurs \u00e9v\u00e9nements pour une exp\u00e9rience unique entre musique, culture et traditions sur l\u2019\u00eele.","robots":{"index":"index","follow":"follow","max-snippet":"max-snippet:-1","max-image-preview":"max-image-preview:large","max-video-preview":"max-video-preview:-1"},"canonical":"https:\/\/www.voyage-langue.com\/blog\/malte\/festivals-a-malte-experience-2025\/","og_locale":"fr_FR","og_type":"article","og_title":"Festivals \u00e0 Malte : les meilleures f\u00eates pour un s\u00e9jour m\u00e9morable - Voyage-Langue","og_description":"Festivals \u00e0 Malte 2025 : D\u00e9couvrez les meilleurs \u00e9v\u00e9nements pour une exp\u00e9rience unique entre musique, culture et traditions sur l\u2019\u00eele.","og_url":"https:\/\/www.voyage-langue.com\/blog\/malte\/festivals-a-malte-experience-2025\/","og_site_name":"Voyage-Langue","article_publisher":"https:\/\/www.facebook.com\/voyage.langue","article_published_time":"2025-02-18T15:37:43+00:00","article_modified_time":"2025-03-06T17:41:54+00:00","og_image":[{"width":800,"height":370,"url":"https:\/\/www.voyage-langue.com\/blog\/wp-content\/uploads\/2025\/02\/headerfestivalmalte1.jpg","type":"image\/jpeg"}],"author":"Quentin","twitter_card":"summary_large_image","twitter_creator":"@VoyageLangue","twitter_site":"@VoyageLangue","twitter_misc":{"\u00c9crit par":"Quentin","Dur\u00e9e de lecture estim\u00e9e":"7 minutes"},"schema":{"@context":"https:\/\/schema.org","@graph":[{"@type":"WebPage","@id":"https:\/\/www.voyage-langue.com\/blog\/malte\/festivals-a-malte-experience-2025\/","url":"https:\/\/www.voyage-langue.com\/blog\/malte\/festivals-a-malte-experience-2025\/","name":"Festivals \u00e0 Malte : les meilleures f\u00eates pour un s\u00e9jour m\u00e9morable - Voyage-Langue","isPartOf":{"@id":"https:\/\/www.voyage-langue.com\/blog\/#website"},"primaryImageOfPage":{"@id":"https:\/\/www.voyage-langue.com\/blog\/malte\/festivals-a-malte-experience-2025\/#primaryimage"},"image":{"@id":"https:\/\/www.voyage-langue.com\/blog\/malte\/festivals-a-malte-experience-2025\/#primaryimage"},"thumbnailUrl":"https:\/\/www.voyage-langue.com\/blog\/wp-content\/uploads\/2025\/02\/headerfestivalmalte1.jpg","datePublished":"2025-02-18T15:37:43+00:00","dateModified":"2025-03-06T17:41:54+00:00","author":{"@id":"https:\/\/www.voyage-langue.com\/blog\/#\/schema\/person\/3efb2ada18f0f626edc2a2ae58122a13"},"description":"Festivals \u00e0 Malte 2025 : D\u00e9couvrez les meilleurs \u00e9v\u00e9nements pour une exp\u00e9rience unique entre musique, culture et traditions sur l\u2019\u00eele.","breadcrumb":{"@id":"https:\/\/www.voyage-langue.com\/blog\/malte\/festivals-a-malte-experience-2025\/#breadcrumb"},"inLanguage":"fr-FR","potentialAction":[{"@type":"ReadAction","target":["https:\/\/www.voyage-langue.com\/blog\/malte\/festivals-a-malte-experience-2025\/"]}]},{"@type":"ImageObject","inLanguage":"fr-FR","@id":"https:\/\/www.voyage-langue.com\/blog\/malte\/festivals-a-malte-experience-2025\/#primaryimage","url":"https:\/\/www.voyage-langue.com\/blog\/wp-content\/uploads\/2025\/02\/headerfestivalmalte1.jpg","contentUrl":"https:\/\/www.voyage-langue.com\/blog\/wp-content\/uploads\/2025\/02\/headerfestivalmalte1.jpg","width":800,"height":370,"caption":"Sc\u00e8ne festive d\u2019un festival \u00e0 Malte en 2025"},{"@type":"BreadcrumbList","@id":"https:\/\/www.voyage-langue.com\/blog\/malte\/festivals-a-malte-experience-2025\/#breadcrumb","itemListElement":[{"@type":"ListItem","position":1,"name":"Accueil","item":"https:\/\/www.voyage-langue.com\/blog\/"},{"@type":"ListItem","position":2,"name":"Festivals \u00e0 Malte : les meilleures f\u00eates pour un s\u00e9jour m\u00e9morable"}]},{"@type":"WebSite","@id":"https:\/\/www.voyage-langue.com\/blog\/#website","url":"https:\/\/www.voyage-langue.com\/blog\/","name":"Voyage-Langue","description":"Le site des s\u00e9jours linguistiques - Le blog","potentialAction":[{"@type":"SearchAction","target":{"@type":"EntryPoint","urlTemplate":"https:\/\/www.voyage-langue.com\/blog\/?s={search_term_string}"},"query-input":"required name=search_term_string"}],"inLanguage":"fr-FR"},{"@type":"Person","@id":"https:\/\/www.voyage-langue.com\/blog\/#\/schema\/person\/3efb2ada18f0f626edc2a2ae58122a13","name":"Quentin","image":{"@type":"ImageObject","inLanguage":"fr-FR","@id":"https:\/\/www.voyage-langue.com\/blog\/#\/schema\/person\/image\/","url":"https:\/\/secure.gravatar.com\/avatar\/9e36bd627243f5b2eef7aec6acafafb2?s=96&d=mm&r=g","contentUrl":"https:\/\/secure.gravatar.com\/avatar\/9e36bd627243f5b2eef7aec6acafafb2?s=96&d=mm&r=g","caption":"Quentin"},"url":"https:\/\/www.voyage-langue.com\/blog\/author\/quentin\/"}]}},"amp_enabled":true,"_links":{"self":[{"href":"https:\/\/www.voyage-langue.com\/blog\/wp-json\/wp\/v2\/posts\/5402"}],"collection":[{"href":"https:\/\/www.voyage-langue.com\/blog\/wp-json\/wp\/v2\/posts"}],"about":[{"href":"https:\/\/www.voyage-langue.com\/blog\/wp-json\/wp\/v2\/types\/post"}],"author":[{"embeddable":true,"href":"https:\/\/www.voyage-langue.com\/blog\/wp-json\/wp\/v2\/users\/11"}],"replies":[{"embeddable":true,"href":"https:\/\/www.voyage-langue.com\/blog\/wp-json\/wp\/v2\/comments?post=5402"}],"version-history":[{"count":9,"href":"https:\/\/www.voyage-langue.com\/blog\/wp-json\/wp\/v2\/posts\/5402\/revisions"}],"predecessor-version":[{"id":5484,"href":"https:\/\/www.voyage-langue.com\/blog\/wp-json\/wp\/v2\/posts\/5402\/revisions\/5484"}],"wp:featuredmedia":[{"embeddable":true,"href":"https:\/\/www.voyage-langue.com\/blog\/wp-json\/wp\/v2\/media\/5424"}],"wp:attachment":[{"href":"https:\/\/www.voyage-langue.com\/blog\/wp-json\/wp\/v2\/media?parent=5402"}],"wp:term":[{"taxonomy":"category","embeddable":true,"href":"https:\/\/www.voyage-langue.com\/blog\/wp-json\/wp\/v2\/categories?post=5402"},{"taxonomy":"post_tag","embeddable":true,"href":"https:\/\/www.voyage-langue.com\/blog\/wp-json\/wp\/v2\/tags?post=5402"}],"curies":[{"name":"wp","href":"https:\/\/api.w.org\/{rel}","templated":true}]}}