{"id":5491,"date":"2025-03-20T17:51:22","date_gmt":"2025-03-20T16:51:22","guid":{"rendered":"https:\/\/www.voyage-langue.com\/blog\/?p=5491"},"modified":"2025-03-20T17:51:34","modified_gmt":"2025-03-20T16:51:34","slug":"meilleures-destinations-sejour-linguistique-ado-2025","status":"publish","type":"post","link":"https:\/\/www.voyage-langue.com\/blog\/bons-plans-sorties\/meilleures-destinations-sejour-linguistique-ado-2025\/","title":{"rendered":"Les meilleures destinations pour un s\u00e9jour linguistique ado en 2025"},"content":{"rendered":"\n<p><strong>D\u00e9couvrir le monde, vivre des aventures inoubliables et se faire des amis des quatre coins du globe<\/strong> : voil\u00e0 ce que promettent les&nbsp;<strong>meilleurs s\u00e9jours linguistiques ado en 2025<\/strong>&nbsp;! Entre d\u00e9couverte culturelle, ambiance chaleureuse et festive et les paysages \u00e0 couper le souffle, les adolescents n&#8217;auront que l&#8217;embarras du choix. Alors, quelle sera votre prochaine destination pour une <strong>exp\u00e9rience linguistique exceptionnelle ?<\/strong><\/p>\n\n\n\n<h2 id=\"toronto-immersion-urbaine-au-canada-%f0%9f%87%a8%f0%9f%87%a6\" class=\"wp-block-heading\"><strong>Toronto : immersion urbaine au Canada&nbsp;\ud83c\udde8\ud83c\udde6<\/strong><\/h2>\n\n\n\n<p><strong><a href=\"https:\/\/www.voyage-langue.com\/sejours-linguistiques\/canada\/toronto\">Toronto<\/a><\/strong>\u00a0est l&#8217;une des meilleures destinations ado en 2025. Elle permet d&#8217;apprendre l&#8217;anglais tout en profitant d&#8217;une <strong>vie urbaine dynamique<\/strong>. Cette ville cosmopolite offre un<strong> environnement bilingue<\/strong> riche en <strong>d\u00e9couvertes culturelles.<\/strong> Les \u00e9coles linguistiques torontoises s\u00e9duisent chaque ann\u00e9e des milliers d&#8217;ados gr\u00e2ce \u00e0 leurs\u00a0<strong>cours interactifs et innovants<\/strong>, notamment\u00a0<strong>ILAC Toronto<\/strong>, r\u00e9put\u00e9e pour son excellence acad\u00e9mique et son ambiance internationale.<\/p>\n\n\n\n<p>Les adolescents appr\u00e9cieront particuli\u00e8rement les excursions vers les c\u00e9l\u00e8bres&nbsp;<strong>Chutes du Niagara<\/strong>, la visite de la&nbsp;<strong>CN Tower<\/strong>&nbsp;ou encore les <strong>nombreux festivals d&#8217;\u00e9t\u00e9<\/strong>. <\/p>\n\n\n\n<p>Toronto offre ainsi un cadre s\u00e9curisant id\u00e9al pour un&nbsp;<strong>s\u00e9jour linguistique ado en \u00e9t\u00e9 2025<\/strong>.<\/p>\n\n\n\n<div class=\"wp-block-columns is-layout-flex wp-container-core-columns-layout-1 wp-block-columns-is-layout-flex\">\n<div class=\"wp-block-column is-layout-flow wp-block-column-is-layout-flow\"><div class=\"wp-block-image\">\n<figure class=\"aligncenter size-large is-resized\"><img loading=\"lazy\" decoding=\"async\" width=\"1024\" height=\"683\" src=\"https:\/\/www.voyage-langue.com\/blog\/wp-content\/uploads\/2025\/03\/maarten-van-den-heuvel-JlATOM0Jp94-unsplash-1024x683.jpg\" alt=\"Toronto s\u00e9jour linguistique ado 2025 \u2013 vue CN Tower\" class=\"wp-image-5497\" style=\"object-fit:cover;width:350px;height:225px\" srcset=\"https:\/\/www.voyage-langue.com\/blog\/wp-content\/uploads\/2025\/03\/maarten-van-den-heuvel-JlATOM0Jp94-unsplash-1024x683.jpg 1024w, https:\/\/www.voyage-langue.com\/blog\/wp-content\/uploads\/2025\/03\/maarten-van-den-heuvel-JlATOM0Jp94-unsplash-300x200.jpg 300w, https:\/\/www.voyage-langue.com\/blog\/wp-content\/uploads\/2025\/03\/maarten-van-den-heuvel-JlATOM0Jp94-unsplash-768x512.jpg 768w, https:\/\/www.voyage-langue.com\/blog\/wp-content\/uploads\/2025\/03\/maarten-van-den-heuvel-JlATOM0Jp94-unsplash-1536x1024.jpg 1536w, https:\/\/www.voyage-langue.com\/blog\/wp-content\/uploads\/2025\/03\/maarten-van-den-heuvel-JlATOM0Jp94-unsplash-2048x1365.jpg 2048w, https:\/\/www.voyage-langue.com\/blog\/wp-content\/uploads\/2025\/03\/maarten-van-den-heuvel-JlATOM0Jp94-unsplash-380x253.jpg 380w, https:\/\/www.voyage-langue.com\/blog\/wp-content\/uploads\/2025\/03\/maarten-van-den-heuvel-JlATOM0Jp94-unsplash-800x533.jpg 800w, https:\/\/www.voyage-langue.com\/blog\/wp-content\/uploads\/2025\/03\/maarten-van-den-heuvel-JlATOM0Jp94-unsplash-1160x773.jpg 1160w, https:\/\/www.voyage-langue.com\/blog\/wp-content\/uploads\/2025\/03\/maarten-van-den-heuvel-JlATOM0Jp94-unsplash-scaled.jpg 2560w\" sizes=\"(max-width: 1024px) 100vw, 1024px\" \/><\/figure><\/div><\/div>\n\n\n\n<div class=\"wp-block-column is-layout-flow wp-block-column-is-layout-flow\"><div class=\"wp-block-image\">\n<figure class=\"aligncenter size-large is-resized\"><img loading=\"lazy\" decoding=\"async\" width=\"1024\" height=\"819\" src=\"https:\/\/www.voyage-langue.com\/blog\/wp-content\/uploads\/2025\/03\/marcin-skalij-u_KQbigI68g-unsplash-1024x819.jpg\" alt=\"Meilleure destination ado Toronto \u2013 Subway\" class=\"wp-image-5498\" style=\"object-fit:cover;width:350px;height:225px\" srcset=\"https:\/\/www.voyage-langue.com\/blog\/wp-content\/uploads\/2025\/03\/marcin-skalij-u_KQbigI68g-unsplash-1024x819.jpg 1024w, https:\/\/www.voyage-langue.com\/blog\/wp-content\/uploads\/2025\/03\/marcin-skalij-u_KQbigI68g-unsplash-300x240.jpg 300w, https:\/\/www.voyage-langue.com\/blog\/wp-content\/uploads\/2025\/03\/marcin-skalij-u_KQbigI68g-unsplash-768x614.jpg 768w, https:\/\/www.voyage-langue.com\/blog\/wp-content\/uploads\/2025\/03\/marcin-skalij-u_KQbigI68g-unsplash-1536x1229.jpg 1536w, https:\/\/www.voyage-langue.com\/blog\/wp-content\/uploads\/2025\/03\/marcin-skalij-u_KQbigI68g-unsplash-2048x1638.jpg 2048w, https:\/\/www.voyage-langue.com\/blog\/wp-content\/uploads\/2025\/03\/marcin-skalij-u_KQbigI68g-unsplash-380x304.jpg 380w, https:\/\/www.voyage-langue.com\/blog\/wp-content\/uploads\/2025\/03\/marcin-skalij-u_KQbigI68g-unsplash-800x640.jpg 800w, https:\/\/www.voyage-langue.com\/blog\/wp-content\/uploads\/2025\/03\/marcin-skalij-u_KQbigI68g-unsplash-1160x928.jpg 1160w, https:\/\/www.voyage-langue.com\/blog\/wp-content\/uploads\/2025\/03\/marcin-skalij-u_KQbigI68g-unsplash-scaled.jpg 2560w\" sizes=\"(max-width: 1024px) 100vw, 1024px\" \/><\/figure><\/div><\/div>\n<\/div>\n\n\n\n<h2 id=\"dublin-charme-et-convivialite-en-irlande-%f0%9f%87%ae%f0%9f%87%aa\" class=\"wp-block-heading\"><strong>Dublin : charme et convivialit\u00e9 en Irlande&nbsp;\ud83c\uddee\ud83c\uddea<\/strong><\/h2>\n\n\n\n<p>R\u00e9put\u00e9e pour son <strong>accueil chaleureux<\/strong>,&nbsp;<strong><a href=\"https:\/\/www.voyage-langue.com\/sejours-linguistiques\/irlande\/dublin\">Dublin<\/a><\/strong>&nbsp;est une destination phare pour un&nbsp;s\u00e9jour linguistique adolescent en 2025. La capitale irlandaise propose une exp\u00e9rience unique qui m\u00eale <strong>histoire, culture et modernit\u00e9<\/strong>.<\/p>\n\n\n\n<p>Les jeunes seront s\u00e9duits par <strong>l&#8217;ambiance chaleureuse<\/strong> du quartier de\u00a0<strong>Temple Bar<\/strong>, les espaces verts comme le\u00a0<strong>Phoenix Park<\/strong>\u00a0et les mus\u00e9es passionnants sur l&#8217;histoire irlandaise. Dublin, c\u2019est aussi une immersion dans la <strong>musique et les traditions celtiques<\/strong>, id\u00e9ale pour apprendre l&#8217;anglais en pratiquant quotidiennement.<\/p>\n\n\n\n<p>Les \u00e9coles linguistiques \u00e0 Dublin sont r\u00e9put\u00e9es pour leur atmosph\u00e8re familiale. Elles facilitent l&#8217;int\u00e9gration rapide des adolescents, comme\u00a0<strong>Apollo Language Centre<\/strong>, qui propose des programmes immersifs adapt\u00e9s aux jeunes apprenants. L&#8217;Irlande reste une destination abordable avec un excellent rapport qualit\u00e9-prix, id\u00e9ale pour un\u00a0<strong>voyage linguistique adolescent<\/strong>.<\/p>\n\n\n\n<div class=\"wp-block-columns is-layout-flex wp-container-core-columns-layout-2 wp-block-columns-is-layout-flex\">\n<div class=\"wp-block-column is-layout-flow wp-block-column-is-layout-flow\"><div class=\"wp-block-image\">\n<figure class=\"aligncenter size-large is-resized\"><img loading=\"lazy\" decoding=\"async\" width=\"1024\" height=\"683\" src=\"https:\/\/www.voyage-langue.com\/blog\/wp-content\/uploads\/2025\/03\/matheus-camara-da-silva-NL2ORrGh8KM-unsplash-1024x683.jpg\" alt=\"Dublin s\u00e9jour linguistique ado 2025 \u2013 Temple Bar\" class=\"wp-image-5494\" style=\"object-fit:cover;width:350px;height:225px\" srcset=\"https:\/\/www.voyage-langue.com\/blog\/wp-content\/uploads\/2025\/03\/matheus-camara-da-silva-NL2ORrGh8KM-unsplash-1024x683.jpg 1024w, https:\/\/www.voyage-langue.com\/blog\/wp-content\/uploads\/2025\/03\/matheus-camara-da-silva-NL2ORrGh8KM-unsplash-300x200.jpg 300w, https:\/\/www.voyage-langue.com\/blog\/wp-content\/uploads\/2025\/03\/matheus-camara-da-silva-NL2ORrGh8KM-unsplash-768x512.jpg 768w, https:\/\/www.voyage-langue.com\/blog\/wp-content\/uploads\/2025\/03\/matheus-camara-da-silva-NL2ORrGh8KM-unsplash-1536x1024.jpg 1536w, https:\/\/www.voyage-langue.com\/blog\/wp-content\/uploads\/2025\/03\/matheus-camara-da-silva-NL2ORrGh8KM-unsplash-2048x1365.jpg 2048w, https:\/\/www.voyage-langue.com\/blog\/wp-content\/uploads\/2025\/03\/matheus-camara-da-silva-NL2ORrGh8KM-unsplash-380x253.jpg 380w, https:\/\/www.voyage-langue.com\/blog\/wp-content\/uploads\/2025\/03\/matheus-camara-da-silva-NL2ORrGh8KM-unsplash-800x533.jpg 800w, https:\/\/www.voyage-langue.com\/blog\/wp-content\/uploads\/2025\/03\/matheus-camara-da-silva-NL2ORrGh8KM-unsplash-1160x773.jpg 1160w, https:\/\/www.voyage-langue.com\/blog\/wp-content\/uploads\/2025\/03\/matheus-camara-da-silva-NL2ORrGh8KM-unsplash-scaled.jpg 2560w\" sizes=\"(max-width: 1024px) 100vw, 1024px\" \/><\/figure><\/div><\/div>\n\n\n\n<div class=\"wp-block-column is-layout-flow wp-block-column-is-layout-flow\"><div class=\"wp-block-image\">\n<figure class=\"aligncenter size-large is-resized\"><img loading=\"lazy\" decoding=\"async\" width=\"1024\" height=\"683\" src=\"https:\/\/www.voyage-langue.com\/blog\/wp-content\/uploads\/2025\/03\/adam-markon-Q-9FsufnVEA-unsplash-1024x683.jpg\" alt=\"Voyage langue adolescent \u00e0 Dublin \u2013 Phoenix Park\" class=\"wp-image-5495\" style=\"object-fit:cover;width:350px;height:225px\" srcset=\"https:\/\/www.voyage-langue.com\/blog\/wp-content\/uploads\/2025\/03\/adam-markon-Q-9FsufnVEA-unsplash-1024x683.jpg 1024w, https:\/\/www.voyage-langue.com\/blog\/wp-content\/uploads\/2025\/03\/adam-markon-Q-9FsufnVEA-unsplash-300x200.jpg 300w, https:\/\/www.voyage-langue.com\/blog\/wp-content\/uploads\/2025\/03\/adam-markon-Q-9FsufnVEA-unsplash-768x512.jpg 768w, https:\/\/www.voyage-langue.com\/blog\/wp-content\/uploads\/2025\/03\/adam-markon-Q-9FsufnVEA-unsplash-1536x1024.jpg 1536w, https:\/\/www.voyage-langue.com\/blog\/wp-content\/uploads\/2025\/03\/adam-markon-Q-9FsufnVEA-unsplash-2048x1365.jpg 2048w, https:\/\/www.voyage-langue.com\/blog\/wp-content\/uploads\/2025\/03\/adam-markon-Q-9FsufnVEA-unsplash-380x253.jpg 380w, https:\/\/www.voyage-langue.com\/blog\/wp-content\/uploads\/2025\/03\/adam-markon-Q-9FsufnVEA-unsplash-800x533.jpg 800w, https:\/\/www.voyage-langue.com\/blog\/wp-content\/uploads\/2025\/03\/adam-markon-Q-9FsufnVEA-unsplash-1160x773.jpg 1160w, https:\/\/www.voyage-langue.com\/blog\/wp-content\/uploads\/2025\/03\/adam-markon-Q-9FsufnVEA-unsplash-scaled.jpg 2560w\" sizes=\"(max-width: 1024px) 100vw, 1024px\" \/><\/figure><\/div><\/div>\n<\/div>\n\n\n\n<h2 id=\"vancouver-entre-mer-et-montagnes-au-canada-%f0%9f%87%a8%f0%9f%87%a6\" class=\"wp-block-heading\"><strong>Vancouver : entre mer et montagnes au Canada&nbsp;\ud83c\udde8\ud83c\udde6<\/strong><\/h2>\n\n\n\n<p><strong><a href=\"https:\/\/www.voyage-langue.com\/sejours-linguistiques\/canada\/vancouver\">Vancouver<\/a><\/strong>&nbsp;est une excellente destination ado pour l&#8217;\u00e9t\u00e9 2025. Elle propose un <strong>\u00e9quilibre parfait<\/strong> entre <strong>nature<\/strong> <strong>sauvage<\/strong> et <strong>vie citadine<\/strong>. Situ\u00e9e entre l&#8217;oc\u00e9an Pacifique et les Rocheuses canadiennes, elle est id\u00e9ale pour progresser en anglais tout en d\u00e9couvrant des <strong>paysages exceptionnels<\/strong>.<\/p>\n\n\n\n<p>\u00c0 Vancouver, les ados peuvent pratiquer le kayak en mer, la randonn\u00e9e sur&nbsp;<strong><a href=\"https:\/\/www.grousemountain.com\">Grouse Mountain<\/a><\/strong>, ou encore le v\u00e9lo \u00e0&nbsp;<strong>Stanley Park<\/strong>. Les <strong>sorties culturelles<\/strong> dans les <strong>quartiers branch\u00e9s<\/strong> ajoutent une <strong>dimension urbaine passionnante<\/strong>.<\/p>\n\n\n\n<p>Les \u00e9coles linguistiques de Vancouver offrent un s\u00e9rieux acad\u00e9mique reconnu. Elles proposent des programmes adapt\u00e9s aux jeunes de 15 \u00e0 18 ans, assurant ainsi une progression rapide en anglais. Un&nbsp;<strong>s\u00e9jour linguistique \u00e9t\u00e9 2025 \u00e0 Vancouver<\/strong> garantit donc une exp\u00e9rience riche et vari\u00e9e.<\/p>\n\n\n\n<div class=\"wp-block-columns is-layout-flex wp-container-core-columns-layout-3 wp-block-columns-is-layout-flex\">\n<div class=\"wp-block-column is-layout-flow wp-block-column-is-layout-flow\"><div class=\"wp-block-image\">\n<figure class=\"aligncenter size-large is-resized\"><img loading=\"lazy\" decoding=\"async\" width=\"1024\" height=\"715\" src=\"https:\/\/www.voyage-langue.com\/blog\/wp-content\/uploads\/2025\/03\/getty-images-N24ApncNYrM-unsplash-1024x715.jpg\" alt=\"S\u00e9jour linguistique ado Vancouver 2025 \u2013 Stanley Park\" class=\"wp-image-5496\" style=\"object-fit:cover;width:350px;height:225px\" srcset=\"https:\/\/www.voyage-langue.com\/blog\/wp-content\/uploads\/2025\/03\/getty-images-N24ApncNYrM-unsplash-1024x715.jpg 1024w, https:\/\/www.voyage-langue.com\/blog\/wp-content\/uploads\/2025\/03\/getty-images-N24ApncNYrM-unsplash-300x210.jpg 300w, https:\/\/www.voyage-langue.com\/blog\/wp-content\/uploads\/2025\/03\/getty-images-N24ApncNYrM-unsplash-768x536.jpg 768w, https:\/\/www.voyage-langue.com\/blog\/wp-content\/uploads\/2025\/03\/getty-images-N24ApncNYrM-unsplash-1536x1073.jpg 1536w, https:\/\/www.voyage-langue.com\/blog\/wp-content\/uploads\/2025\/03\/getty-images-N24ApncNYrM-unsplash-2048x1430.jpg 2048w, https:\/\/www.voyage-langue.com\/blog\/wp-content\/uploads\/2025\/03\/getty-images-N24ApncNYrM-unsplash-380x265.jpg 380w, https:\/\/www.voyage-langue.com\/blog\/wp-content\/uploads\/2025\/03\/getty-images-N24ApncNYrM-unsplash-800x559.jpg 800w, https:\/\/www.voyage-langue.com\/blog\/wp-content\/uploads\/2025\/03\/getty-images-N24ApncNYrM-unsplash-1160x810.jpg 1160w, https:\/\/www.voyage-langue.com\/blog\/wp-content\/uploads\/2025\/03\/getty-images-N24ApncNYrM-unsplash-scaled.jpg 2560w\" sizes=\"(max-width: 1024px) 100vw, 1024px\" \/><\/figure><\/div><\/div>\n\n\n\n<div class=\"wp-block-column is-layout-flow wp-block-column-is-layout-flow\"><div class=\"wp-block-image\">\n<figure class=\"aligncenter size-large is-resized\"><img loading=\"lazy\" decoding=\"async\" width=\"1024\" height=\"634\" src=\"https:\/\/www.voyage-langue.com\/blog\/wp-content\/uploads\/2025\/03\/mike-benna-kX012NDcCKQ-unsplash-1024x634.jpg\" alt=\"Meilleure destination adolescent Vancouver \u2013 Grouse Mountain\" class=\"wp-image-5493\" style=\"object-fit:cover;width:350px;height:225px\" srcset=\"https:\/\/www.voyage-langue.com\/blog\/wp-content\/uploads\/2025\/03\/mike-benna-kX012NDcCKQ-unsplash-1024x634.jpg 1024w, https:\/\/www.voyage-langue.com\/blog\/wp-content\/uploads\/2025\/03\/mike-benna-kX012NDcCKQ-unsplash-300x186.jpg 300w, https:\/\/www.voyage-langue.com\/blog\/wp-content\/uploads\/2025\/03\/mike-benna-kX012NDcCKQ-unsplash-768x476.jpg 768w, https:\/\/www.voyage-langue.com\/blog\/wp-content\/uploads\/2025\/03\/mike-benna-kX012NDcCKQ-unsplash-1536x951.jpg 1536w, https:\/\/www.voyage-langue.com\/blog\/wp-content\/uploads\/2025\/03\/mike-benna-kX012NDcCKQ-unsplash-2048x1268.jpg 2048w, https:\/\/www.voyage-langue.com\/blog\/wp-content\/uploads\/2025\/03\/mike-benna-kX012NDcCKQ-unsplash-380x235.jpg 380w, https:\/\/www.voyage-langue.com\/blog\/wp-content\/uploads\/2025\/03\/mike-benna-kX012NDcCKQ-unsplash-800x495.jpg 800w, https:\/\/www.voyage-langue.com\/blog\/wp-content\/uploads\/2025\/03\/mike-benna-kX012NDcCKQ-unsplash-1160x718.jpg 1160w, https:\/\/www.voyage-langue.com\/blog\/wp-content\/uploads\/2025\/03\/mike-benna-kX012NDcCKQ-unsplash-scaled.jpg 2560w\" sizes=\"(max-width: 1024px) 100vw, 1024px\" \/><\/figure><\/div><\/div>\n<\/div>\n\n\n\n<h2 id=\"malte-apprendre-langlais-sous-le-soleil-mediterraneen-%f0%9f%87%b2%f0%9f%87%b9\" class=\"wp-block-heading\"><strong>Malte : apprendre l\u2019anglais sous le soleil m\u00e9diterran\u00e9en \ud83c\uddf2\ud83c\uddf9<\/strong><\/h2>\n\n\n\n<p><strong>Malte<\/strong>&nbsp;est id\u00e9ale pour un&nbsp;<strong>s\u00e9jour linguistique ado en 2025<\/strong>. L&#8217;\u00eele combine&nbsp;<strong>apprentissage de l\u2019anglais et climat ensoleill\u00e9<\/strong> toute l\u2019ann\u00e9e. Situ\u00e9e en M\u00e9diterran\u00e9e, elle attire des \u00e9tudiants du monde entier pour un cadre d\u2019\u00e9tude d\u00e9tendu et d\u00e9paysant.<\/p>\n\n\n\n<p>Les jeunes profiteront de\u00a0<strong>plages magnifiques<\/strong>, de\u00a0<strong>sports nautiques<\/strong>\u00a0et d\u2019un riche patrimoine historique.\u00a0<strong>La Valette et Mdina<\/strong>\u00a0sont des lieux incontournables \u00e0 visiter. L&#8217;\u00e9coles de langue EC English \u00e0 Malte, offre des cours dynamiques adapt\u00e9s aux adolescents, souvent accompagn\u00e9s d\u2019activit\u00e9s et d\u2019excursions.<\/p>\n\n\n\n<p>Avec un co\u00fbt de vie plus abordable que d\u2019autres destinations anglophones et une ambiance estivale incomparable, Malte est un choix parfait pour un&nbsp;<strong>voyage linguistique adolescent en 2025<\/strong>.<\/p>\n\n\n\n<div class=\"wp-block-columns is-layout-flex wp-container-core-columns-layout-4 wp-block-columns-is-layout-flex\">\n<div class=\"wp-block-column is-layout-flow wp-block-column-is-layout-flow\">\n<figure class=\"wp-block-image size-large is-resized\"><img loading=\"lazy\" decoding=\"async\" width=\"1024\" height=\"628\" src=\"https:\/\/www.voyage-langue.com\/blog\/wp-content\/uploads\/2025\/03\/magdalena-smolnicka-Exf495AtWZI-unsplash-1024x628.jpg\" alt=\"\" class=\"wp-image-5503\" style=\"object-fit:cover;width:350px;height:225px\" srcset=\"https:\/\/www.voyage-langue.com\/blog\/wp-content\/uploads\/2025\/03\/magdalena-smolnicka-Exf495AtWZI-unsplash-1024x628.jpg 1024w, https:\/\/www.voyage-langue.com\/blog\/wp-content\/uploads\/2025\/03\/magdalena-smolnicka-Exf495AtWZI-unsplash-300x184.jpg 300w, https:\/\/www.voyage-langue.com\/blog\/wp-content\/uploads\/2025\/03\/magdalena-smolnicka-Exf495AtWZI-unsplash-768x471.jpg 768w, https:\/\/www.voyage-langue.com\/blog\/wp-content\/uploads\/2025\/03\/magdalena-smolnicka-Exf495AtWZI-unsplash-1536x942.jpg 1536w, https:\/\/www.voyage-langue.com\/blog\/wp-content\/uploads\/2025\/03\/magdalena-smolnicka-Exf495AtWZI-unsplash-2048x1256.jpg 2048w, https:\/\/www.voyage-langue.com\/blog\/wp-content\/uploads\/2025\/03\/magdalena-smolnicka-Exf495AtWZI-unsplash-380x233.jpg 380w, https:\/\/www.voyage-langue.com\/blog\/wp-content\/uploads\/2025\/03\/magdalena-smolnicka-Exf495AtWZI-unsplash-800x491.jpg 800w, https:\/\/www.voyage-langue.com\/blog\/wp-content\/uploads\/2025\/03\/magdalena-smolnicka-Exf495AtWZI-unsplash-1160x711.jpg 1160w, https:\/\/www.voyage-langue.com\/blog\/wp-content\/uploads\/2025\/03\/magdalena-smolnicka-Exf495AtWZI-unsplash-scaled.jpg 2560w\" sizes=\"(max-width: 1024px) 100vw, 1024px\" \/><\/figure>\n<\/div>\n\n\n\n<div class=\"wp-block-column is-layout-flow wp-block-column-is-layout-flow\">\n<figure class=\"wp-block-image size-large is-resized\"><img loading=\"lazy\" decoding=\"async\" width=\"1024\" height=\"683\" src=\"https:\/\/www.voyage-langue.com\/blog\/wp-content\/uploads\/2025\/03\/joshua-kettle-GHwaSDQcDFE-unsplash-1024x683.jpg\" alt=\"\" class=\"wp-image-5504\" style=\"object-fit:cover;width:350px;height:225px\" srcset=\"https:\/\/www.voyage-langue.com\/blog\/wp-content\/uploads\/2025\/03\/joshua-kettle-GHwaSDQcDFE-unsplash-1024x683.jpg 1024w, https:\/\/www.voyage-langue.com\/blog\/wp-content\/uploads\/2025\/03\/joshua-kettle-GHwaSDQcDFE-unsplash-300x200.jpg 300w, https:\/\/www.voyage-langue.com\/blog\/wp-content\/uploads\/2025\/03\/joshua-kettle-GHwaSDQcDFE-unsplash-768x512.jpg 768w, https:\/\/www.voyage-langue.com\/blog\/wp-content\/uploads\/2025\/03\/joshua-kettle-GHwaSDQcDFE-unsplash-1536x1024.jpg 1536w, https:\/\/www.voyage-langue.com\/blog\/wp-content\/uploads\/2025\/03\/joshua-kettle-GHwaSDQcDFE-unsplash-2048x1365.jpg 2048w, https:\/\/www.voyage-langue.com\/blog\/wp-content\/uploads\/2025\/03\/joshua-kettle-GHwaSDQcDFE-unsplash-380x253.jpg 380w, https:\/\/www.voyage-langue.com\/blog\/wp-content\/uploads\/2025\/03\/joshua-kettle-GHwaSDQcDFE-unsplash-800x533.jpg 800w, https:\/\/www.voyage-langue.com\/blog\/wp-content\/uploads\/2025\/03\/joshua-kettle-GHwaSDQcDFE-unsplash-1160x773.jpg 1160w, https:\/\/www.voyage-langue.com\/blog\/wp-content\/uploads\/2025\/03\/joshua-kettle-GHwaSDQcDFE-unsplash-scaled.jpg 2560w\" sizes=\"(max-width: 1024px) 100vw, 1024px\" \/><\/figure>\n<\/div>\n<\/div>\n\n\n\n<h2 id=\"laquelle-choisir-selon-la-personnalite-de-votre-ado\" class=\"wp-block-heading\"><strong>Laquelle choisir selon la personnalit\u00e9 de votre ado ?<\/strong><\/h2>\n\n\n\n<p>Chaque adolescent a ses propres go\u00fbts et passions. Alors, quelle destination lui correspond vraiment en 2025 ?<\/p>\n\n\n\n<ul>\n<li><strong>Toronto pour les urbains curieux :<\/strong>&nbsp;Votre ado aime les grandes villes, les mus\u00e9es interactifs, le shopping et une ambiance internationale ? Toronto est parfaite pour une immersion urbaine r\u00e9ussie.<\/li>\n\n\n\n<li><strong>Dublin pour les sociables et festifs :<\/strong>&nbsp;Si votre ado aime rencontrer du monde, vibrer au rythme de la musique et d\u00e9couvrir des traditions authentiques, Dublin conviendra parfaitement.<\/li>\n\n\n\n<li><strong>Vancouver pour les aventuriers amoureux de la nature :<\/strong>&nbsp;Votre adolescent cherche une exp\u00e9rience active et sportive, entre randonn\u00e9es, kayak et paysages \u00e9poustouflants ? Vancouver est incontournable pour vivre une aventure en pleine nature tout en apprenant l&#8217;anglais.<\/li>\n\n\n\n<li><strong>Malte pour ceux qui veulent apprendre sous le soleil :<\/strong>&nbsp;Si votre ado r\u00eave d\u2019un s\u00e9jour o\u00f9 il pourra \u00e9tudier l\u2019anglais tout en profitant de la plage et des sports nautiques, Malte est le choix id\u00e9al.<\/li>\n<\/ul>\n\n\n\n<p>Choisir selon la personnalit\u00e9 de votre ado garantit un s\u00e9jour linguistique pleinement r\u00e9ussi !<\/p>\n\n\n\n<h2 id=\"conseils-pratiques-pour-reussir-son-sejour-linguistique-adolescent-en-2025\" class=\"wp-block-heading\"><strong>Conseils pratiques pour r\u00e9ussir son s\u00e9jour linguistique adolescent en 2025<\/strong><\/h2>\n\n\n\n<p>Enfin, voici quelques conseils pratiques essentiels pour <a href=\"https:\/\/www.voyage-langue.com\/blog\/bons-plans-sorties\/comment-organiser-au-mieux-un-sejour-linguistique\/\"><strong>bien pr\u00e9parer un s\u00e9jour linguistiqu<\/strong>e<\/a> :<\/p>\n\n\n\n<ul>\n<li><strong>Anticiper les inscriptions :<\/strong>&nbsp;ces destinations populaires se remplissent vite. R\u00e9servez plusieurs mois \u00e0 l\u2019avance pour garantir votre place.<\/li>\n\n\n\n<li><strong>Choisir le bon programme :<\/strong>&nbsp;intensif, semi-intensif ou sportif, il est essentiel de s\u00e9lectionner le programme qui correspond aux attentes de votre ado.<\/li>\n\n\n\n<li><strong>Favoriser l\u2019int\u00e9gration :<\/strong>&nbsp;encouragez votre adolescent \u00e0 communiquer d\u00e8s son arriv\u00e9e, \u00e0 participer aux activit\u00e9s propos\u00e9es et \u00e0 \u00eatre ouvert aux nouvelles rencontres. Cela facilitera une immersion r\u00e9ussie.<\/li>\n<\/ul>\n\n\n\n<p>En choisissant&nbsp;<strong>Toronto, Dublin, Vancouver ou Malte<\/strong> pour un&nbsp;<strong>s\u00e9jour linguistique ado en 2025<\/strong>, chaque adolescent vivra une exp\u00e9rience exceptionnelle. Une aventure inoubliable qui marquera son parcours personnel, linguistique et culturel.<\/p>\n\n\n\n<p>D\u00e9couvrez toutes nos formules de&nbsp;<strong><a href=\"https:\/\/www.voyage-langue.com\/sejours-linguistiques\/programme-16-18-ans\">s\u00e9jours linguistiques pour adolescents<\/a><\/strong>&nbsp;et trouvez celle qui correspond \u00e0 vos attentes !<\/p>\n","protected":false},"excerpt":{"rendered":"D\u00e9couvrir le monde, vivre des aventures inoubliables et se faire des amis des quatre coins du globe :&hellip;\n","protected":false},"author":11,"featured_media":5510,"comment_status":"open","ping_status":"open","sticky":false,"template":"","format":"standard","meta":{"_mi_skip_tracking":false,"footnotes":""},"categories":[27,6,7],"tags":[],"yoast_head":"<!-- This site is optimized with the Yoast SEO plugin v22.3 - https:\/\/yoast.com\/wordpress\/plugins\/seo\/ -->\n<title>Les meilleures destinations pour un s\u00e9jour linguistique ado en 2025 - Voyage-Langue<\/title>\n<meta name=\"description\" content=\"Les meilleures destinations 2025 : Toronto, Dublin, Vancouver. Choisissez la ville id\u00e9ale pour un s\u00e9jour linguistique ado r\u00e9ussi !\" \/>\n<meta name=\"robots\" content=\"index, follow, max-snippet:-1, max-image-preview:large, max-video-preview:-1\" \/>\n<link rel=\"canonical\" href=\"https:\/\/www.voyage-langue.com\/blog\/bons-plans-sorties\/meilleures-destinations-sejour-linguistique-ado-2025\/\" \/>\n<meta property=\"og:locale\" content=\"fr_FR\" \/>\n<meta property=\"og:type\" content=\"article\" \/>\n<meta property=\"og:title\" content=\"Les meilleures destinations pour un s\u00e9jour linguistique ado en 2025 - Voyage-Langue\" \/>\n<meta property=\"og:description\" content=\"Les meilleures destinations 2025 : Toronto, Dublin, Vancouver. Choisissez la ville id\u00e9ale pour un s\u00e9jour linguistique ado r\u00e9ussi !\" \/>\n<meta property=\"og:url\" content=\"https:\/\/www.voyage-langue.com\/blog\/bons-plans-sorties\/meilleures-destinations-sejour-linguistique-ado-2025\/\" \/>\n<meta property=\"og:site_name\" content=\"Voyage-Langue\" \/>\n<meta property=\"article:publisher\" content=\"https:\/\/www.facebook.com\/voyage.langue\" \/>\n<meta property=\"article:published_time\" content=\"2025-03-20T16:51:22+00:00\" \/>\n<meta property=\"article:modified_time\" content=\"2025-03-20T16:51:34+00:00\" \/>\n<meta property=\"og:image\" content=\"https:\/\/www.voyage-langue.com\/blog\/wp-content\/uploads\/2025\/03\/HeaderNLadoarticle1.jpg\" \/>\n\t<meta property=\"og:image:width\" content=\"800\" \/>\n\t<meta property=\"og:image:height\" content=\"370\" \/>\n\t<meta property=\"og:image:type\" content=\"image\/jpeg\" \/>\n<meta name=\"author\" content=\"Quentin\" \/>\n<meta name=\"twitter:card\" content=\"summary_large_image\" \/>\n<meta name=\"twitter:creator\" content=\"@VoyageLangue\" \/>\n<meta name=\"twitter:site\" content=\"@VoyageLangue\" \/>\n<meta name=\"twitter:label1\" content=\"\u00c9crit par\" \/>\n\t<meta name=\"twitter:data1\" content=\"Quentin\" \/>\n\t<meta name=\"twitter:label2\" content=\"Dur\u00e9e de lecture estim\u00e9e\" \/>\n\t<meta name=\"twitter:data2\" content=\"7 minutes\" \/>\n<!-- \/ Yoast SEO plugin. -->","yoast_head_json":{"title":"Les meilleures destinations pour un s\u00e9jour linguistique ado en 2025 - Voyage-Langue","description":"Les meilleures destinations 2025 : Toronto, Dublin, Vancouver. Choisissez la ville id\u00e9ale pour un s\u00e9jour linguistique ado r\u00e9ussi !","robots":{"index":"index","follow":"follow","max-snippet":"max-snippet:-1","max-image-preview":"max-image-preview:large","max-video-preview":"max-video-preview:-1"},"canonical":"https:\/\/www.voyage-langue.com\/blog\/bons-plans-sorties\/meilleures-destinations-sejour-linguistique-ado-2025\/","og_locale":"fr_FR","og_type":"article","og_title":"Les meilleures destinations pour un s\u00e9jour linguistique ado en 2025 - Voyage-Langue","og_description":"Les meilleures destinations 2025 : Toronto, Dublin, Vancouver. Choisissez la ville id\u00e9ale pour un s\u00e9jour linguistique ado r\u00e9ussi !","og_url":"https:\/\/www.voyage-langue.com\/blog\/bons-plans-sorties\/meilleures-destinations-sejour-linguistique-ado-2025\/","og_site_name":"Voyage-Langue","article_publisher":"https:\/\/www.facebook.com\/voyage.langue","article_published_time":"2025-03-20T16:51:22+00:00","article_modified_time":"2025-03-20T16:51:34+00:00","og_image":[{"width":800,"height":370,"url":"https:\/\/www.voyage-langue.com\/blog\/wp-content\/uploads\/2025\/03\/HeaderNLadoarticle1.jpg","type":"image\/jpeg"}],"author":"Quentin","twitter_card":"summary_large_image","twitter_creator":"@VoyageLangue","twitter_site":"@VoyageLangue","twitter_misc":{"\u00c9crit par":"Quentin","Dur\u00e9e de lecture estim\u00e9e":"7 minutes"},"schema":{"@context":"https:\/\/schema.org","@graph":[{"@type":"WebPage","@id":"https:\/\/www.voyage-langue.com\/blog\/bons-plans-sorties\/meilleures-destinations-sejour-linguistique-ado-2025\/","url":"https:\/\/www.voyage-langue.com\/blog\/bons-plans-sorties\/meilleures-destinations-sejour-linguistique-ado-2025\/","name":"Les meilleures destinations pour un s\u00e9jour linguistique ado en 2025 - Voyage-Langue","isPartOf":{"@id":"https:\/\/www.voyage-langue.com\/blog\/#website"},"primaryImageOfPage":{"@id":"https:\/\/www.voyage-langue.com\/blog\/bons-plans-sorties\/meilleures-destinations-sejour-linguistique-ado-2025\/#primaryimage"},"image":{"@id":"https:\/\/www.voyage-langue.com\/blog\/bons-plans-sorties\/meilleures-destinations-sejour-linguistique-ado-2025\/#primaryimage"},"thumbnailUrl":"https:\/\/www.voyage-langue.com\/blog\/wp-content\/uploads\/2025\/03\/HeaderNLadoarticle1.jpg","datePublished":"2025-03-20T16:51:22+00:00","dateModified":"2025-03-20T16:51:34+00:00","author":{"@id":"https:\/\/www.voyage-langue.com\/blog\/#\/schema\/person\/3efb2ada18f0f626edc2a2ae58122a13"},"description":"Les meilleures destinations 2025 : Toronto, Dublin, Vancouver. Choisissez la ville id\u00e9ale pour un s\u00e9jour linguistique ado r\u00e9ussi !","breadcrumb":{"@id":"https:\/\/www.voyage-langue.com\/blog\/bons-plans-sorties\/meilleures-destinations-sejour-linguistique-ado-2025\/#breadcrumb"},"inLanguage":"fr-FR","potentialAction":[{"@type":"ReadAction","target":["https:\/\/www.voyage-langue.com\/blog\/bons-plans-sorties\/meilleures-destinations-sejour-linguistique-ado-2025\/"]}]},{"@type":"ImageObject","inLanguage":"fr-FR","@id":"https:\/\/www.voyage-langue.com\/blog\/bons-plans-sorties\/meilleures-destinations-sejour-linguistique-ado-2025\/#primaryimage","url":"https:\/\/www.voyage-langue.com\/blog\/wp-content\/uploads\/2025\/03\/HeaderNLadoarticle1.jpg","contentUrl":"https:\/\/www.voyage-langue.com\/blog\/wp-content\/uploads\/2025\/03\/HeaderNLadoarticle1.jpg","width":800,"height":370},{"@type":"BreadcrumbList","@id":"https:\/\/www.voyage-langue.com\/blog\/bons-plans-sorties\/meilleures-destinations-sejour-linguistique-ado-2025\/#breadcrumb","itemListElement":[{"@type":"ListItem","position":1,"name":"Accueil","item":"https:\/\/www.voyage-langue.com\/blog\/"},{"@type":"ListItem","position":2,"name":"Les meilleures destinations pour un s\u00e9jour linguistique ado en 2025"}]},{"@type":"WebSite","@id":"https:\/\/www.voyage-langue.com\/blog\/#website","url":"https:\/\/www.voyage-langue.com\/blog\/","name":"Voyage-Langue","description":"Le site des s\u00e9jours linguistiques - Le blog","potentialAction":[{"@type":"SearchAction","target":{"@type":"EntryPoint","urlTemplate":"https:\/\/www.voyage-langue.com\/blog\/?s={search_term_string}"},"query-input":"required name=search_term_string"}],"inLanguage":"fr-FR"},{"@type":"Person","@id":"https:\/\/www.voyage-langue.com\/blog\/#\/schema\/person\/3efb2ada18f0f626edc2a2ae58122a13","name":"Quentin","image":{"@type":"ImageObject","inLanguage":"fr-FR","@id":"https:\/\/www.voyage-langue.com\/blog\/#\/schema\/person\/image\/","url":"https:\/\/secure.gravatar.com\/avatar\/9e36bd627243f5b2eef7aec6acafafb2?s=96&d=mm&r=g","contentUrl":"https:\/\/secure.gravatar.com\/avatar\/9e36bd627243f5b2eef7aec6acafafb2?s=96&d=mm&r=g","caption":"Quentin"},"url":"https:\/\/www.voyage-langue.com\/blog\/author\/quentin\/"}]}},"amp_enabled":true,"_links":{"self":[{"href":"https:\/\/www.voyage-langue.com\/blog\/wp-json\/wp\/v2\/posts\/5491"}],"collection":[{"href":"https:\/\/www.voyage-langue.com\/blog\/wp-json\/wp\/v2\/posts"}],"about":[{"href":"https:\/\/www.voyage-langue.com\/blog\/wp-json\/wp\/v2\/types\/post"}],"author":[{"embeddable":true,"href":"https:\/\/www.voyage-langue.com\/blog\/wp-json\/wp\/v2\/users\/11"}],"replies":[{"embeddable":true,"href":"https:\/\/www.voyage-langue.com\/blog\/wp-json\/wp\/v2\/comments?post=5491"}],"version-history":[{"count":11,"href":"https:\/\/www.voyage-langue.com\/blog\/wp-json\/wp\/v2\/posts\/5491\/revisions"}],"predecessor-version":[{"id":5517,"href":"https:\/\/www.voyage-langue.com\/blog\/wp-json\/wp\/v2\/posts\/5491\/revisions\/5517"}],"wp:featuredmedia":[{"embeddable":true,"href":"https:\/\/www.voyage-langue.com\/blog\/wp-json\/wp\/v2\/media\/5510"}],"wp:attachment":[{"href":"https:\/\/www.voyage-langue.com\/blog\/wp-json\/wp\/v2\/media?parent=5491"}],"wp:term":[{"taxonomy":"category","embeddable":true,"href":"https:\/\/www.voyage-langue.com\/blog\/wp-json\/wp\/v2\/categories?post=5491"},{"taxonomy":"post_tag","embeddable":true,"href":"https:\/\/www.voyage-langue.com\/blog\/wp-json\/wp\/v2\/tags?post=5491"}],"curies":[{"name":"wp","href":"https:\/\/api.w.org\/{rel}","templated":true}]}}