{"id":5577,"date":"2025-04-10T15:59:58","date_gmt":"2025-04-10T13:59:58","guid":{"rendered":"https:\/\/www.voyage-langue.com\/blog\/?p=5577"},"modified":"2025-04-10T15:59:59","modified_gmt":"2025-04-10T13:59:59","slug":"quelle-ville-espagne-choisir","status":"publish","type":"post","link":"https:\/\/www.voyage-langue.com\/blog\/espagne\/quelle-ville-espagne-choisir\/","title":{"rendered":"Quelle ville d\u2019Espagne est faite pour vous ? D\u00e9couvrez-le maintenant"},"content":{"rendered":"\n<p>Vous r\u00eavez de partir en Espagne pour apprendre l&#8217;espagnol, mais <strong>vous h\u00e9sitez entre deux destinations phares ?<\/strong> Barcelone et Madrid, deux villes espagnoles incontournables, offrent chacune une exp\u00e9rience unique. Choisir la bonne&nbsp;ville d\u2019Espagne&nbsp;pour son s\u00e9jour linguistique, c\u2019est aussi choisir <strong>un style de vie, une ambiance, et un environnement d\u2019apprentissage<\/strong>. Dans cet article, nous vous aidons \u00e0 faire le bon choix selon votre profil et vos envies.<\/p>\n\n\n\n<h2 id=\"barcelone-entre-mer-art-et-ambiance-decontractee\" class=\"wp-block-heading\"><strong>Barcelone : entre mer, art et ambiance d\u00e9contract\u00e9e<\/strong><\/h2>\n\n\n\n<p><strong>Capitale de la Catalogne<\/strong>, <strong><a href=\"https:\/\/www.voyage-langue.com\/sejours-linguistiques\/espagne\/barcelone\">Barcelone<\/a><\/strong> est une&nbsp;ville d&#8217;Espagne&nbsp;tr\u00e8s pris\u00e9e par les \u00e9tudiants internationaux. Elle combine \u00e0 merveille <strong>culture, plage et modernit\u00e9<\/strong>. Impossible de ne pas \u00eatre charm\u00e9 par l&#8217;architecture de <strong>Gaud\u00ed<\/strong>, les ruelles du <strong>quartier gothique<\/strong> ou encore l&#8217;\u00e9nergie qui se d\u00e9gage de <strong>la Rambla<\/strong>.<\/p>\n\n\n\n<p>Barcelone, c&#8217;est aussi une ville o\u00f9 l&#8217;on apprend en s&#8217;amusant. Les activit\u00e9s apr\u00e8s les cours sont nombreuses : baignade, festivals, visites artistiques, tapas en terrasse&#8230; L\u2019ambiance est <strong>jeune, cosmopolite et cr\u00e9ative<\/strong>. De plus, <strong><a href=\"https:\/\/www.voyage-langue.com\/sejours-linguistiques\/espagne\/barcelone\">les \u00e9coles de langue y sont modernes et adapt\u00e9es \u00e0 tous les niveaux<\/a>.<\/strong><\/p>\n\n\n\n<p>Cependant, il faut noter que Barcelone est une ville bilingue : <strong>on y parle aussi catalan<\/strong>. Pas de panique ! Les cours sont dispens\u00e9s en espagnol, mais il faut s&#8217;attendre \u00e0 entendre un m\u00e9lange des deux langues dans la vie quotidienne. Cela peut \u00eatre un avantage pour ceux qui aiment <strong>les d\u00e9fis linguistiques<\/strong>.<\/p>\n\n\n\n<div class=\"wp-block-columns is-layout-flex wp-container-core-columns-layout-1 wp-block-columns-is-layout-flex\">\n<div class=\"wp-block-column is-layout-flow wp-block-column-is-layout-flow\"><div class=\"wp-block-image\">\n<figure class=\"aligncenter size-large is-resized\"><img loading=\"lazy\" decoding=\"async\" width=\"683\" height=\"1024\" src=\"https:\/\/www.voyage-langue.com\/blog\/wp-content\/uploads\/2025\/04\/george-kedenburg-iii-QjQmJSuC02M-unsplash-683x1024.jpg\" alt=\"Cours d\u2019espagnol dans la ville espagnole de Barcelone, au bord de la M\u00e9diterran\u00e9e\" class=\"wp-image-5578\" style=\"object-fit:cover;width:230px;height:375px\" srcset=\"https:\/\/www.voyage-langue.com\/blog\/wp-content\/uploads\/2025\/04\/george-kedenburg-iii-QjQmJSuC02M-unsplash-683x1024.jpg 683w, https:\/\/www.voyage-langue.com\/blog\/wp-content\/uploads\/2025\/04\/george-kedenburg-iii-QjQmJSuC02M-unsplash-200x300.jpg 200w, https:\/\/www.voyage-langue.com\/blog\/wp-content\/uploads\/2025\/04\/george-kedenburg-iii-QjQmJSuC02M-unsplash-768x1152.jpg 768w, https:\/\/www.voyage-langue.com\/blog\/wp-content\/uploads\/2025\/04\/george-kedenburg-iii-QjQmJSuC02M-unsplash-1024x1536.jpg 1024w, https:\/\/www.voyage-langue.com\/blog\/wp-content\/uploads\/2025\/04\/george-kedenburg-iii-QjQmJSuC02M-unsplash-1365x2048.jpg 1365w, https:\/\/www.voyage-langue.com\/blog\/wp-content\/uploads\/2025\/04\/george-kedenburg-iii-QjQmJSuC02M-unsplash-380x570.jpg 380w, https:\/\/www.voyage-langue.com\/blog\/wp-content\/uploads\/2025\/04\/george-kedenburg-iii-QjQmJSuC02M-unsplash-800x1200.jpg 800w, https:\/\/www.voyage-langue.com\/blog\/wp-content\/uploads\/2025\/04\/george-kedenburg-iii-QjQmJSuC02M-unsplash-1160x1740.jpg 1160w, https:\/\/www.voyage-langue.com\/blog\/wp-content\/uploads\/2025\/04\/george-kedenburg-iii-QjQmJSuC02M-unsplash-scaled.jpg 1707w\" sizes=\"(max-width: 683px) 100vw, 683px\" \/><\/figure><\/div><\/div>\n\n\n\n<div class=\"wp-block-column is-layout-flow wp-block-column-is-layout-flow\"><div class=\"wp-block-image\">\n<figure class=\"aligncenter size-large is-resized\"><img loading=\"lazy\" decoding=\"async\" width=\"620\" height=\"1024\" src=\"https:\/\/www.voyage-langue.com\/blog\/wp-content\/uploads\/2025\/04\/theodor-vasile-LSscVPEyQpI-unsplash-620x1024.jpg\" alt=\"Quartier gothique de Barcelone, une ville d\u2019Espagne entre art et modernit\u00e9\" class=\"wp-image-5579\" style=\"object-fit:cover;width:230px;height:375px\" srcset=\"https:\/\/www.voyage-langue.com\/blog\/wp-content\/uploads\/2025\/04\/theodor-vasile-LSscVPEyQpI-unsplash-620x1024.jpg 620w, https:\/\/www.voyage-langue.com\/blog\/wp-content\/uploads\/2025\/04\/theodor-vasile-LSscVPEyQpI-unsplash-182x300.jpg 182w, https:\/\/www.voyage-langue.com\/blog\/wp-content\/uploads\/2025\/04\/theodor-vasile-LSscVPEyQpI-unsplash-768x1269.jpg 768w, https:\/\/www.voyage-langue.com\/blog\/wp-content\/uploads\/2025\/04\/theodor-vasile-LSscVPEyQpI-unsplash-930x1536.jpg 930w, https:\/\/www.voyage-langue.com\/blog\/wp-content\/uploads\/2025\/04\/theodor-vasile-LSscVPEyQpI-unsplash-1240x2048.jpg 1240w, https:\/\/www.voyage-langue.com\/blog\/wp-content\/uploads\/2025\/04\/theodor-vasile-LSscVPEyQpI-unsplash-380x628.jpg 380w, https:\/\/www.voyage-langue.com\/blog\/wp-content\/uploads\/2025\/04\/theodor-vasile-LSscVPEyQpI-unsplash-800x1322.jpg 800w, https:\/\/www.voyage-langue.com\/blog\/wp-content\/uploads\/2025\/04\/theodor-vasile-LSscVPEyQpI-unsplash-1160x1916.jpg 1160w, https:\/\/www.voyage-langue.com\/blog\/wp-content\/uploads\/2025\/04\/theodor-vasile-LSscVPEyQpI-unsplash-scaled.jpg 1550w\" sizes=\"(max-width: 620px) 100vw, 620px\" \/><\/figure><\/div><\/div>\n\n\n\n<div class=\"wp-block-column is-layout-flow wp-block-column-is-layout-flow\"><div class=\"wp-block-image\">\n<figure class=\"aligncenter size-large is-resized\"><img loading=\"lazy\" decoding=\"async\" width=\"768\" height=\"1024\" src=\"https:\/\/www.voyage-langue.com\/blog\/wp-content\/uploads\/2025\/04\/alessio-rinella-T0aBQz7U_eA-unsplash-768x1024.jpg\" alt=\"Barcelone, ville d\u2019Espagne id\u00e9ale pour un s\u00e9jour linguistique ensoleill\u00e9\" class=\"wp-image-5580\" style=\"object-fit:cover;width:230px;height:375px\" srcset=\"https:\/\/www.voyage-langue.com\/blog\/wp-content\/uploads\/2025\/04\/alessio-rinella-T0aBQz7U_eA-unsplash-768x1024.jpg 768w, https:\/\/www.voyage-langue.com\/blog\/wp-content\/uploads\/2025\/04\/alessio-rinella-T0aBQz7U_eA-unsplash-225x300.jpg 225w, https:\/\/www.voyage-langue.com\/blog\/wp-content\/uploads\/2025\/04\/alessio-rinella-T0aBQz7U_eA-unsplash-1152x1536.jpg 1152w, https:\/\/www.voyage-langue.com\/blog\/wp-content\/uploads\/2025\/04\/alessio-rinella-T0aBQz7U_eA-unsplash-1536x2048.jpg 1536w, https:\/\/www.voyage-langue.com\/blog\/wp-content\/uploads\/2025\/04\/alessio-rinella-T0aBQz7U_eA-unsplash-380x507.jpg 380w, https:\/\/www.voyage-langue.com\/blog\/wp-content\/uploads\/2025\/04\/alessio-rinella-T0aBQz7U_eA-unsplash-800x1067.jpg 800w, https:\/\/www.voyage-langue.com\/blog\/wp-content\/uploads\/2025\/04\/alessio-rinella-T0aBQz7U_eA-unsplash-1160x1547.jpg 1160w, https:\/\/www.voyage-langue.com\/blog\/wp-content\/uploads\/2025\/04\/alessio-rinella-T0aBQz7U_eA-unsplash-scaled.jpg 1920w\" sizes=\"(max-width: 768px) 100vw, 768px\" \/><\/figure><\/div><\/div>\n<\/div>\n\n\n\n<h2 id=\"madrid-immersion-totale-au-coeur-de-lespagne\" class=\"wp-block-heading\"><strong>Madrid : immersion totale au c\u0153ur de l\u2019Espagne<\/strong><\/h2>\n\n\n\n<p><strong><a href=\"https:\/\/www.voyage-langue.com\/sejours-linguistiques\/espagne\/madrid\">Madrid<\/a><\/strong>, la <strong>capitale espagnole<\/strong>, est une&nbsp;ville d\u2019Espagne&nbsp;authentique et vibrante. Situ\u00e9e au centre du pays, elle refl\u00e8te <strong>l&#8217;identit\u00e9 castillane<\/strong> dans toute sa splendeur. Ici, pas de catalan ou de galicien : on parle espagnol, le vrai, le pur.<\/p>\n\n\n\n<p>Ville d\u2019art et de culture, Madrid est id\u00e9ale pour les passionn\u00e9s de <strong>mus\u00e9es (le <a href=\"https:\/\/www.museodelprado.es\">Prado<\/a>, <a href=\"https:\/\/www.museoreinasofia.es\">Reina Sof\u00eda<\/a><\/strong>), <strong>d&#8217;histoire et de patrimoine<\/strong>. Mais la ville sait aussi faire la f\u00eate ! Entre les bars \u00e0 tapas, les march\u00e9s anim\u00e9s, les spectacles de flamenco et la vie nocturne, <strong>impossible de s\u2019ennuyer<\/strong>.<\/p>\n\n\n\n<p>Madrid est une <strong>grande ville<\/strong>, mais elle reste <strong>accessible<\/strong>. Son r\u00e9seau de transports, la gentillesse de ses habitants et son ambiance chaleureuse facilitent une int\u00e9gration rapide. <strong><a href=\"https:\/\/www.voyage-langue.com\/sejours-linguistiques\/espagne\/madrid\">Pour un s\u00e9jour linguistique orient\u00e9 vers l&#8217;immersion et la pratique intensive de l&#8217;espagnol,<\/a><\/strong> <strong>c&#8217;est un choix tr\u00e8s pertinent<\/strong>.<\/p>\n\n\n\n<div class=\"wp-block-columns is-layout-flex wp-container-core-columns-layout-2 wp-block-columns-is-layout-flex\">\n<div class=\"wp-block-column is-layout-flow wp-block-column-is-layout-flow\"><div class=\"wp-block-image\">\n<figure class=\"aligncenter size-large is-resized\"><img loading=\"lazy\" decoding=\"async\" width=\"768\" height=\"1024\" src=\"https:\/\/www.voyage-langue.com\/blog\/wp-content\/uploads\/2025\/04\/alev-takil-x2Or94kjaqo-unsplash-768x1024.jpg\" alt=\"Vue panoramique de Madrid, une ville d\u2019Espagne au c\u0153ur de la culture castillane\" class=\"wp-image-5581\" style=\"object-fit:cover;width:230px;height:375px\" srcset=\"https:\/\/www.voyage-langue.com\/blog\/wp-content\/uploads\/2025\/04\/alev-takil-x2Or94kjaqo-unsplash-768x1024.jpg 768w, https:\/\/www.voyage-langue.com\/blog\/wp-content\/uploads\/2025\/04\/alev-takil-x2Or94kjaqo-unsplash-225x300.jpg 225w, https:\/\/www.voyage-langue.com\/blog\/wp-content\/uploads\/2025\/04\/alev-takil-x2Or94kjaqo-unsplash-1152x1536.jpg 1152w, https:\/\/www.voyage-langue.com\/blog\/wp-content\/uploads\/2025\/04\/alev-takil-x2Or94kjaqo-unsplash-1536x2048.jpg 1536w, https:\/\/www.voyage-langue.com\/blog\/wp-content\/uploads\/2025\/04\/alev-takil-x2Or94kjaqo-unsplash-380x507.jpg 380w, https:\/\/www.voyage-langue.com\/blog\/wp-content\/uploads\/2025\/04\/alev-takil-x2Or94kjaqo-unsplash-800x1067.jpg 800w, https:\/\/www.voyage-langue.com\/blog\/wp-content\/uploads\/2025\/04\/alev-takil-x2Or94kjaqo-unsplash-1160x1547.jpg 1160w, https:\/\/www.voyage-langue.com\/blog\/wp-content\/uploads\/2025\/04\/alev-takil-x2Or94kjaqo-unsplash-scaled.jpg 1920w\" sizes=\"(max-width: 768px) 100vw, 768px\" \/><\/figure><\/div><\/div>\n\n\n\n<div class=\"wp-block-column is-layout-flow wp-block-column-is-layout-flow\"><div class=\"wp-block-image\">\n<figure class=\"aligncenter size-large is-resized\"><img loading=\"lazy\" decoding=\"async\" width=\"768\" height=\"1024\" src=\"https:\/\/www.voyage-langue.com\/blog\/wp-content\/uploads\/2025\/04\/igor-oliyarnik-ufm2_BJBRGc-unsplash-768x1024.jpg\" alt=\"\u00c9tudiants en s\u00e9jour linguistique dans la ville d\u2019Espagne de Madrid\" class=\"wp-image-5585\" style=\"object-fit:cover;width:230px;height:375px\" srcset=\"https:\/\/www.voyage-langue.com\/blog\/wp-content\/uploads\/2025\/04\/igor-oliyarnik-ufm2_BJBRGc-unsplash-768x1024.jpg 768w, https:\/\/www.voyage-langue.com\/blog\/wp-content\/uploads\/2025\/04\/igor-oliyarnik-ufm2_BJBRGc-unsplash-225x300.jpg 225w, https:\/\/www.voyage-langue.com\/blog\/wp-content\/uploads\/2025\/04\/igor-oliyarnik-ufm2_BJBRGc-unsplash-1152x1536.jpg 1152w, https:\/\/www.voyage-langue.com\/blog\/wp-content\/uploads\/2025\/04\/igor-oliyarnik-ufm2_BJBRGc-unsplash-1536x2048.jpg 1536w, https:\/\/www.voyage-langue.com\/blog\/wp-content\/uploads\/2025\/04\/igor-oliyarnik-ufm2_BJBRGc-unsplash-380x507.jpg 380w, https:\/\/www.voyage-langue.com\/blog\/wp-content\/uploads\/2025\/04\/igor-oliyarnik-ufm2_BJBRGc-unsplash-800x1067.jpg 800w, https:\/\/www.voyage-langue.com\/blog\/wp-content\/uploads\/2025\/04\/igor-oliyarnik-ufm2_BJBRGc-unsplash-1160x1547.jpg 1160w, https:\/\/www.voyage-langue.com\/blog\/wp-content\/uploads\/2025\/04\/igor-oliyarnik-ufm2_BJBRGc-unsplash-scaled.jpg 1920w\" sizes=\"(max-width: 768px) 100vw, 768px\" \/><\/figure><\/div><\/div>\n\n\n\n<div class=\"wp-block-column is-layout-flow wp-block-column-is-layout-flow\"><div class=\"wp-block-image\">\n<figure class=\"aligncenter size-large is-resized\"><img loading=\"lazy\" decoding=\"async\" width=\"768\" height=\"1024\" src=\"https:\/\/www.voyage-langue.com\/blog\/wp-content\/uploads\/2025\/04\/alev-takil-e8k2llHEiE0-unsplash-768x1024.jpg\" alt=\"Madrid, ville espagnole dynamique pour apprendre l\u2019espagnol en immersion\" class=\"wp-image-5583\" style=\"object-fit:cover;width:230px;height:375px\" srcset=\"https:\/\/www.voyage-langue.com\/blog\/wp-content\/uploads\/2025\/04\/alev-takil-e8k2llHEiE0-unsplash-768x1024.jpg 768w, https:\/\/www.voyage-langue.com\/blog\/wp-content\/uploads\/2025\/04\/alev-takil-e8k2llHEiE0-unsplash-225x300.jpg 225w, https:\/\/www.voyage-langue.com\/blog\/wp-content\/uploads\/2025\/04\/alev-takil-e8k2llHEiE0-unsplash-1152x1536.jpg 1152w, https:\/\/www.voyage-langue.com\/blog\/wp-content\/uploads\/2025\/04\/alev-takil-e8k2llHEiE0-unsplash-1536x2048.jpg 1536w, https:\/\/www.voyage-langue.com\/blog\/wp-content\/uploads\/2025\/04\/alev-takil-e8k2llHEiE0-unsplash-380x507.jpg 380w, https:\/\/www.voyage-langue.com\/blog\/wp-content\/uploads\/2025\/04\/alev-takil-e8k2llHEiE0-unsplash-800x1067.jpg 800w, https:\/\/www.voyage-langue.com\/blog\/wp-content\/uploads\/2025\/04\/alev-takil-e8k2llHEiE0-unsplash-1160x1547.jpg 1160w, https:\/\/www.voyage-langue.com\/blog\/wp-content\/uploads\/2025\/04\/alev-takil-e8k2llHEiE0-unsplash-scaled.jpg 1920w\" sizes=\"(max-width: 768px) 100vw, 768px\" \/><\/figure><\/div><\/div>\n<\/div>\n\n\n\n<h2 id=\"activites-culture-et-mode-de-vie-deux-ambiances-bien-distinctes\" class=\"wp-block-heading\"><strong>Activit\u00e9s, culture et mode de vie : deux ambiances bien distinctes<\/strong><\/h2>\n\n\n\n<p>Barcelone et Madrid sont deux villes espagnoles tr\u00e8s diff\u00e9rentes. <strong>Barcelone<\/strong> offre un cadre <strong>plus d\u00e9contract\u00e9<\/strong>, tourn\u00e9 vers <strong>la m\u00e9diterran\u00e9e<\/strong>, la <strong>plage<\/strong> et la <strong>cr\u00e9ation artistique<\/strong>. Elle attire les amateurs de soleil, de design et de vie urbaine cool.<\/p>\n\n\n\n<p>Madrid, de son c\u00f4t\u00e9, est plus formelle, mais aussi plus <strong>traditionnelle<\/strong>. Elle repr\u00e9sente <strong>l\u2019Espagne historique<\/strong>, avec ses <strong>places monumentales<\/strong>, ses <strong>quartiers anciens<\/strong> et son <strong>rythme citadin<\/strong>. On y ressent davantage l&#8217;identit\u00e9 espagnole telle qu&#8217;on se l&#8217;imagine.<\/p>\n\n\n\n<p>Dans les deux cas, <strong>les activit\u00e9s extrascolaires sont riches et vari\u00e9es.<\/strong> Tandis que Barcelone vous emm\u00e8ne en bord de mer, Madrid vous plonge dans la culture urbaine, les spectacles et les festivals locaux.<\/p>\n\n\n\n<h2 id=\"apprentissage-et-immersion-ou-progresse-t-on-le-plus-vite\" class=\"wp-block-heading\"><strong>Apprentissage et immersion : o\u00f9 progresse-t-on le plus vite ?<\/strong><\/h2>\n\n\n\n<p>C\u2019est une question l\u00e9gitime pour toute personne souhaitant r\u00e9aliser un s\u00e9jour linguistique en Espagne. Barcelone et Madrid disposent d&#8217;\u00e9coles de langue de grande qualit\u00e9, avec des professeurs exp\u00e9riment\u00e9s et des programmes adapt\u00e9s aux objectifs de chacun.<\/p>\n\n\n\n<p><strong>Madrid<\/strong> a l\u2019avantage de proposer <strong>une immersion totale dans la langue espagnole<\/strong>. C\u2019est donc id\u00e9al pour ceux qui veulent \u00eatre au contact du <strong>castillan pur<\/strong>, utilis\u00e9 au quotidien sans variation r\u00e9gionale.<\/p>\n\n\n\n<p><strong>Barcelone<\/strong>, quant \u00e0 elle, reste une excellente destination. L\u2019espagnol y est tr\u00e8s pr\u00e9sent, m\u00eame si <strong>le catalan fait partie du quotidien<\/strong>. Cela peut \u00eatre enrichissant pour ceux qui souhaitent d\u00e9couvrir <strong>plusieurs facettes linguistiques et culturelles<\/strong> de l\u2019Espagne.<\/p>\n\n\n\n<div class=\"wp-block-columns is-layout-flex wp-container-core-columns-layout-3 wp-block-columns-is-layout-flex\">\n<div class=\"wp-block-column is-layout-flow wp-block-column-is-layout-flow\"><div class=\"wp-block-image\">\n<figure class=\"aligncenter size-large is-resized\"><img loading=\"lazy\" decoding=\"async\" width=\"1024\" height=\"683\" src=\"https:\/\/www.voyage-langue.com\/blog\/wp-content\/uploads\/2025\/04\/getty-images-cm6ulwA4098-unsplash-1024x683.jpg\" alt=\"\" class=\"wp-image-5591\" style=\"object-fit:cover;width:350px;height:250px\" srcset=\"https:\/\/www.voyage-langue.com\/blog\/wp-content\/uploads\/2025\/04\/getty-images-cm6ulwA4098-unsplash-1024x683.jpg 1024w, https:\/\/www.voyage-langue.com\/blog\/wp-content\/uploads\/2025\/04\/getty-images-cm6ulwA4098-unsplash-300x200.jpg 300w, https:\/\/www.voyage-langue.com\/blog\/wp-content\/uploads\/2025\/04\/getty-images-cm6ulwA4098-unsplash-768x512.jpg 768w, https:\/\/www.voyage-langue.com\/blog\/wp-content\/uploads\/2025\/04\/getty-images-cm6ulwA4098-unsplash-1536x1024.jpg 1536w, https:\/\/www.voyage-langue.com\/blog\/wp-content\/uploads\/2025\/04\/getty-images-cm6ulwA4098-unsplash-2048x1365.jpg 2048w, https:\/\/www.voyage-langue.com\/blog\/wp-content\/uploads\/2025\/04\/getty-images-cm6ulwA4098-unsplash-380x253.jpg 380w, https:\/\/www.voyage-langue.com\/blog\/wp-content\/uploads\/2025\/04\/getty-images-cm6ulwA4098-unsplash-800x533.jpg 800w, https:\/\/www.voyage-langue.com\/blog\/wp-content\/uploads\/2025\/04\/getty-images-cm6ulwA4098-unsplash-1160x773.jpg 1160w, https:\/\/www.voyage-langue.com\/blog\/wp-content\/uploads\/2025\/04\/getty-images-cm6ulwA4098-unsplash-scaled.jpg 2560w\" sizes=\"(max-width: 1024px) 100vw, 1024px\" \/><\/figure><\/div><\/div>\n\n\n\n<div class=\"wp-block-column is-layout-flow wp-block-column-is-layout-flow\"><div class=\"wp-block-image\">\n<figure class=\"aligncenter size-large is-resized\"><img loading=\"lazy\" decoding=\"async\" width=\"1024\" height=\"683\" src=\"https:\/\/www.voyage-langue.com\/blog\/wp-content\/uploads\/2025\/04\/getty-images-5TF6miQHCCo-unsplash-1024x683.jpg\" alt=\"\" class=\"wp-image-5592\" style=\"object-fit:cover;width:350px;height:250px\" srcset=\"https:\/\/www.voyage-langue.com\/blog\/wp-content\/uploads\/2025\/04\/getty-images-5TF6miQHCCo-unsplash-1024x683.jpg 1024w, https:\/\/www.voyage-langue.com\/blog\/wp-content\/uploads\/2025\/04\/getty-images-5TF6miQHCCo-unsplash-300x200.jpg 300w, https:\/\/www.voyage-langue.com\/blog\/wp-content\/uploads\/2025\/04\/getty-images-5TF6miQHCCo-unsplash-768x512.jpg 768w, https:\/\/www.voyage-langue.com\/blog\/wp-content\/uploads\/2025\/04\/getty-images-5TF6miQHCCo-unsplash-1536x1024.jpg 1536w, https:\/\/www.voyage-langue.com\/blog\/wp-content\/uploads\/2025\/04\/getty-images-5TF6miQHCCo-unsplash-2048x1365.jpg 2048w, https:\/\/www.voyage-langue.com\/blog\/wp-content\/uploads\/2025\/04\/getty-images-5TF6miQHCCo-unsplash-380x253.jpg 380w, https:\/\/www.voyage-langue.com\/blog\/wp-content\/uploads\/2025\/04\/getty-images-5TF6miQHCCo-unsplash-800x533.jpg 800w, https:\/\/www.voyage-langue.com\/blog\/wp-content\/uploads\/2025\/04\/getty-images-5TF6miQHCCo-unsplash-1160x773.jpg 1160w, https:\/\/www.voyage-langue.com\/blog\/wp-content\/uploads\/2025\/04\/getty-images-5TF6miQHCCo-unsplash-scaled.jpg 2560w\" sizes=\"(max-width: 1024px) 100vw, 1024px\" \/><\/figure><\/div><\/div>\n<\/div>\n\n\n\n<h2 id=\"conclusion-quelle-ville-despagne-est-faite-pour-vous\" class=\"wp-block-heading\"><strong>Conclusion : Quelle ville d\u2019Espagne est faite pour vous ?<\/strong><\/h2>\n\n\n\n<p>Barcelone ou Madrid, <strong>il n&#8217;y a pas de mauvais choix<\/strong>. Tout d\u00e9pend de votre personnalit\u00e9 et de vos objectifs. Si vous aimez la mer, la cr\u00e9ativit\u00e9 et une ambiance cosmopolite, <strong>Barcelone vous s\u00e9duira<\/strong>. Si vous pr\u00e9f\u00e9rez l\u2019authenticit\u00e9, l\u2019histoire et une immersion linguistique totale, <strong>Madrid est faite pour vous<\/strong>.<\/p>\n\n\n\n<p>Dans tous les cas, un s\u00e9jour linguistique dans une&nbsp;ville d\u2019Espagne&nbsp;reste une <strong>exp\u00e9rience enrichissante<\/strong>, qui vous fera <strong>progresser<\/strong> tout en vivant un v\u00e9ritable <strong>choc culturel<\/strong>. <strong><a href=\"https:\/\/www.voyage-langue.com\">Chez Voyage Langue<\/a><\/strong>, nous vous accompagnons pour <strong>cr\u00e9er le s\u00e9jour qui vous ressemble<\/strong>, que ce soit \u00e0 Madrid, Barcelone ou ailleurs en Espagne.<\/p>\n\n\n\n<p>Alors, pr\u00eat \u00e0 faire vos valises ?<\/p>\n","protected":false},"excerpt":{"rendered":"Vous r\u00eavez de partir en Espagne pour apprendre l&#8217;espagnol, mais vous h\u00e9sitez entre deux destinations phares ? Barcelone&hellip;\n","protected":false},"author":11,"featured_media":5589,"comment_status":"open","ping_status":"open","sticky":false,"template":"","format":"standard","meta":{"_mi_skip_tracking":false,"footnotes":""},"categories":[26],"tags":[],"yoast_head":"<!-- This site is optimized with the Yoast SEO plugin v22.3 - https:\/\/yoast.com\/wordpress\/plugins\/seo\/ -->\n<title>Quelle ville d\u2019Espagne est faite pour vous ? D\u00e9couvrez-le maintenant - Voyage-Langue<\/title>\n<meta name=\"description\" content=\"Vous h\u00e9sitez entre deux villes espagnoles ? D\u00e9couvrez si Barcelone ou Madrid est la ville d\u2019Espagne id\u00e9ale pour votre s\u00e9jour linguistique.\" \/>\n<meta name=\"robots\" content=\"index, follow, max-snippet:-1, max-image-preview:large, max-video-preview:-1\" \/>\n<link rel=\"canonical\" href=\"https:\/\/www.voyage-langue.com\/blog\/espagne\/quelle-ville-espagne-choisir\/\" \/>\n<meta property=\"og:locale\" content=\"fr_FR\" \/>\n<meta property=\"og:type\" content=\"article\" \/>\n<meta property=\"og:title\" content=\"Quelle ville d\u2019Espagne est faite pour vous ? D\u00e9couvrez-le maintenant - Voyage-Langue\" \/>\n<meta property=\"og:description\" content=\"Vous h\u00e9sitez entre deux villes espagnoles ? D\u00e9couvrez si Barcelone ou Madrid est la ville d\u2019Espagne id\u00e9ale pour votre s\u00e9jour linguistique.\" \/>\n<meta property=\"og:url\" content=\"https:\/\/www.voyage-langue.com\/blog\/espagne\/quelle-ville-espagne-choisir\/\" \/>\n<meta property=\"og:site_name\" content=\"Voyage-Langue\" \/>\n<meta property=\"article:publisher\" content=\"https:\/\/www.facebook.com\/voyage.langue\" \/>\n<meta property=\"article:published_time\" content=\"2025-04-10T13:59:58+00:00\" \/>\n<meta property=\"article:modified_time\" content=\"2025-04-10T13:59:59+00:00\" \/>\n<meta property=\"og:image\" content=\"https:\/\/www.voyage-langue.com\/blog\/wp-content\/uploads\/2025\/04\/headertrybatalla.jpg\" \/>\n\t<meta property=\"og:image:width\" content=\"800\" \/>\n\t<meta property=\"og:image:height\" content=\"370\" \/>\n\t<meta property=\"og:image:type\" content=\"image\/jpeg\" \/>\n<meta name=\"author\" content=\"Quentin\" \/>\n<meta name=\"twitter:card\" content=\"summary_large_image\" \/>\n<meta name=\"twitter:creator\" content=\"@VoyageLangue\" \/>\n<meta name=\"twitter:site\" content=\"@VoyageLangue\" \/>\n<meta name=\"twitter:label1\" content=\"\u00c9crit par\" \/>\n\t<meta name=\"twitter:data1\" content=\"Quentin\" \/>\n\t<meta name=\"twitter:label2\" content=\"Dur\u00e9e de lecture estim\u00e9e\" \/>\n\t<meta name=\"twitter:data2\" content=\"6 minutes\" \/>\n<!-- \/ Yoast SEO plugin. -->","yoast_head_json":{"title":"Quelle ville d\u2019Espagne est faite pour vous ? D\u00e9couvrez-le maintenant - Voyage-Langue","description":"Vous h\u00e9sitez entre deux villes espagnoles ? D\u00e9couvrez si Barcelone ou Madrid est la ville d\u2019Espagne id\u00e9ale pour votre s\u00e9jour linguistique.","robots":{"index":"index","follow":"follow","max-snippet":"max-snippet:-1","max-image-preview":"max-image-preview:large","max-video-preview":"max-video-preview:-1"},"canonical":"https:\/\/www.voyage-langue.com\/blog\/espagne\/quelle-ville-espagne-choisir\/","og_locale":"fr_FR","og_type":"article","og_title":"Quelle ville d\u2019Espagne est faite pour vous ? D\u00e9couvrez-le maintenant - Voyage-Langue","og_description":"Vous h\u00e9sitez entre deux villes espagnoles ? D\u00e9couvrez si Barcelone ou Madrid est la ville d\u2019Espagne id\u00e9ale pour votre s\u00e9jour linguistique.","og_url":"https:\/\/www.voyage-langue.com\/blog\/espagne\/quelle-ville-espagne-choisir\/","og_site_name":"Voyage-Langue","article_publisher":"https:\/\/www.facebook.com\/voyage.langue","article_published_time":"2025-04-10T13:59:58+00:00","article_modified_time":"2025-04-10T13:59:59+00:00","og_image":[{"width":800,"height":370,"url":"https:\/\/www.voyage-langue.com\/blog\/wp-content\/uploads\/2025\/04\/headertrybatalla.jpg","type":"image\/jpeg"}],"author":"Quentin","twitter_card":"summary_large_image","twitter_creator":"@VoyageLangue","twitter_site":"@VoyageLangue","twitter_misc":{"\u00c9crit par":"Quentin","Dur\u00e9e de lecture estim\u00e9e":"6 minutes"},"schema":{"@context":"https:\/\/schema.org","@graph":[{"@type":"WebPage","@id":"https:\/\/www.voyage-langue.com\/blog\/espagne\/quelle-ville-espagne-choisir\/","url":"https:\/\/www.voyage-langue.com\/blog\/espagne\/quelle-ville-espagne-choisir\/","name":"Quelle ville d\u2019Espagne est faite pour vous ? D\u00e9couvrez-le maintenant - Voyage-Langue","isPartOf":{"@id":"https:\/\/www.voyage-langue.com\/blog\/#website"},"primaryImageOfPage":{"@id":"https:\/\/www.voyage-langue.com\/blog\/espagne\/quelle-ville-espagne-choisir\/#primaryimage"},"image":{"@id":"https:\/\/www.voyage-langue.com\/blog\/espagne\/quelle-ville-espagne-choisir\/#primaryimage"},"thumbnailUrl":"https:\/\/www.voyage-langue.com\/blog\/wp-content\/uploads\/2025\/04\/headertrybatalla.jpg","datePublished":"2025-04-10T13:59:58+00:00","dateModified":"2025-04-10T13:59:59+00:00","author":{"@id":"https:\/\/www.voyage-langue.com\/blog\/#\/schema\/person\/3efb2ada18f0f626edc2a2ae58122a13"},"description":"Vous h\u00e9sitez entre deux villes espagnoles ? D\u00e9couvrez si Barcelone ou Madrid est la ville d\u2019Espagne id\u00e9ale pour votre s\u00e9jour linguistique.","breadcrumb":{"@id":"https:\/\/www.voyage-langue.com\/blog\/espagne\/quelle-ville-espagne-choisir\/#breadcrumb"},"inLanguage":"fr-FR","potentialAction":[{"@type":"ReadAction","target":["https:\/\/www.voyage-langue.com\/blog\/espagne\/quelle-ville-espagne-choisir\/"]}]},{"@type":"ImageObject","inLanguage":"fr-FR","@id":"https:\/\/www.voyage-langue.com\/blog\/espagne\/quelle-ville-espagne-choisir\/#primaryimage","url":"https:\/\/www.voyage-langue.com\/blog\/wp-content\/uploads\/2025\/04\/headertrybatalla.jpg","contentUrl":"https:\/\/www.voyage-langue.com\/blog\/wp-content\/uploads\/2025\/04\/headertrybatalla.jpg","width":800,"height":370},{"@type":"BreadcrumbList","@id":"https:\/\/www.voyage-langue.com\/blog\/espagne\/quelle-ville-espagne-choisir\/#breadcrumb","itemListElement":[{"@type":"ListItem","position":1,"name":"Accueil","item":"https:\/\/www.voyage-langue.com\/blog\/"},{"@type":"ListItem","position":2,"name":"Quelle ville d\u2019Espagne est faite pour vous ? D\u00e9couvrez-le maintenant"}]},{"@type":"WebSite","@id":"https:\/\/www.voyage-langue.com\/blog\/#website","url":"https:\/\/www.voyage-langue.com\/blog\/","name":"Voyage-Langue","description":"Le site des s\u00e9jours linguistiques - Le blog","potentialAction":[{"@type":"SearchAction","target":{"@type":"EntryPoint","urlTemplate":"https:\/\/www.voyage-langue.com\/blog\/?s={search_term_string}"},"query-input":"required name=search_term_string"}],"inLanguage":"fr-FR"},{"@type":"Person","@id":"https:\/\/www.voyage-langue.com\/blog\/#\/schema\/person\/3efb2ada18f0f626edc2a2ae58122a13","name":"Quentin","image":{"@type":"ImageObject","inLanguage":"fr-FR","@id":"https:\/\/www.voyage-langue.com\/blog\/#\/schema\/person\/image\/","url":"https:\/\/secure.gravatar.com\/avatar\/9e36bd627243f5b2eef7aec6acafafb2?s=96&d=mm&r=g","contentUrl":"https:\/\/secure.gravatar.com\/avatar\/9e36bd627243f5b2eef7aec6acafafb2?s=96&d=mm&r=g","caption":"Quentin"},"url":"https:\/\/www.voyage-langue.com\/blog\/author\/quentin\/"}]}},"amp_enabled":true,"_links":{"self":[{"href":"https:\/\/www.voyage-langue.com\/blog\/wp-json\/wp\/v2\/posts\/5577"}],"collection":[{"href":"https:\/\/www.voyage-langue.com\/blog\/wp-json\/wp\/v2\/posts"}],"about":[{"href":"https:\/\/www.voyage-langue.com\/blog\/wp-json\/wp\/v2\/types\/post"}],"author":[{"embeddable":true,"href":"https:\/\/www.voyage-langue.com\/blog\/wp-json\/wp\/v2\/users\/11"}],"replies":[{"embeddable":true,"href":"https:\/\/www.voyage-langue.com\/blog\/wp-json\/wp\/v2\/comments?post=5577"}],"version-history":[{"count":8,"href":"https:\/\/www.voyage-langue.com\/blog\/wp-json\/wp\/v2\/posts\/5577\/revisions"}],"predecessor-version":[{"id":5596,"href":"https:\/\/www.voyage-langue.com\/blog\/wp-json\/wp\/v2\/posts\/5577\/revisions\/5596"}],"wp:featuredmedia":[{"embeddable":true,"href":"https:\/\/www.voyage-langue.com\/blog\/wp-json\/wp\/v2\/media\/5589"}],"wp:attachment":[{"href":"https:\/\/www.voyage-langue.com\/blog\/wp-json\/wp\/v2\/media?parent=5577"}],"wp:term":[{"taxonomy":"category","embeddable":true,"href":"https:\/\/www.voyage-langue.com\/blog\/wp-json\/wp\/v2\/categories?post=5577"},{"taxonomy":"post_tag","embeddable":true,"href":"https:\/\/www.voyage-langue.com\/blog\/wp-json\/wp\/v2\/tags?post=5577"}],"curies":[{"name":"wp","href":"https:\/\/api.w.org\/{rel}","templated":true}]}}